{"id":6198,"date":"2023-09-11T17:39:20","date_gmt":"2023-09-11T15:39:20","guid":{"rendered":"https:\/\/www.obat.fr\/blog\/?p=6198"},"modified":"2024-01-18T15:11:29","modified_gmt":"2024-01-18T14:11:29","slug":"retraite-artisan","status":"publish","type":"post","link":"https:\/\/www.obat.fr\/blog\/retraite-artisan\/","title":{"rendered":"Retraite des artisans : calcul et montant en 2026"},"content":{"rendered":"\n<p>Vous exercez en tant qu&rsquo;artisan ? Dans ce cas, vos retraites de base et compl\u00e9mentaire sont g\u00e9r\u00e9es par la S\u00e9curit\u00e9 Sociale des Ind\u00e9pendants (SSI, anciennement RSI). Depuis 1973, le <strong>r\u00e9gime de retraite de base des artisans<\/strong> est harmonis\u00e9 avec celui des salari\u00e9s, mais les droits accumul\u00e9s avant cette r\u00e9forme demeurent intacts. Dans cet article, d\u00e9couvrons tout ce qu\u2019il faut savoir sur la <strong>retraite des artisans <\/strong>!&nbsp;<\/p>\n\n\n\n<h2 class=\"wp-block-heading\">Quelle est la caisse retraite des artisans ?<\/h2>\n\n\n\n<p>Autrefois, la <strong>CANCAVA<\/strong> (Caisse autonome nationale de compensation de l&rsquo;assurance vieillesse artisanale) avait la responsabilit\u00e9 de g\u00e9rer la<strong> retraite des artisans<\/strong>. En 2006, cette responsabilit\u00e9 a \u00e9t\u00e9 transf\u00e9r\u00e9e au <strong>RSI<\/strong> (R\u00e9gime social des ind\u00e9pendants). <\/p>\n\n\n\n<p>Ce n&rsquo;est qu&rsquo;en 2013 que les syst\u00e8mes de retraite des artisans et des commer\u00e7ants ont \u00e9t\u00e9 fusionn\u00e9s au sein du RSI. En 2018, une nouvelle transition a eu lieu : le RSI a \u00e9t\u00e9 remplac\u00e9 par la <a href=\"https:\/\/secu-independants.fr\/accueil\" target=\"_blank\" rel=\"noreferrer noopener\">S\u00e9curit\u00e9 Sociale des Ind\u00e9pendants (SSI)<\/a>. <\/p>\n\n\n\n<p>Apr\u00e8s une phase de transition de deux ans, tous les travailleurs ind\u00e9pendants (y compris les artisans) ont int\u00e9gr\u00e9 le <strong>r\u00e9gime g\u00e9n\u00e9ral de l&rsquo;Assurance maladie<\/strong>, sur le m\u00eame plan que les salari\u00e9s. <\/p>\n\n\n\n<p>Actuellement, la retraite artisan est supervis\u00e9e par la caisse r\u00e9gionale d&rsquo;Assurance retraite de votre r\u00e9gion. Celle-ci couvre \u00e0 la fois la retraite principale et la retraite compl\u00e9mentaire.<\/p>\n\n\n\n<p><em>A lire \u00e9galement : <a href=\"https:\/\/www.obat.fr\/blog\/convention-collective-btp\/\" target=\"_blank\" rel=\"noreferrer noopener\">Convention collective du BTP : conna\u00eetre vos droits<\/a><\/em><\/p>\n\n\n\n<h2 class=\"wp-block-heading\">Retraite artisan du b\u00e2timent : comment fonctionne la retraite de base ?<\/h2>\n\n\n\n<h3 class=\"wp-block-heading\">La cotisation retraite artisan en 2023&nbsp;<\/h3>\n\n\n\n<p>Les ind\u00e9pendants et artisans cotisent \u00e0 leur<strong> retraite de base<\/strong> comme ceci :&nbsp;<\/p>\n\n\n\n<p>\u2705 17,75 % sur leurs revenus jusqu&rsquo;\u00e0 43 992 \u20ac (Plafond de la S\u00e9curit\u00e9 sociale) ;<\/p>\n\n\n\n<p>\u2705 0,60 % sur leurs revenus d\u00e9passant 43 992 \u20ac.<\/p>\n\n\n\n<p>En sachant que la cotisation minimale annuelle est <strong>de 845 \u20ac<\/strong> pour la retraite des artisans.<\/p>\n\n\n\n<h3 class=\"wp-block-heading\">Comment calculer sa retraite artisan de base ?<\/h3>\n\n\n\n<p>Si vous avez d\u00e9but\u00e9 votre activit\u00e9 d&rsquo;artisan <strong>apr\u00e8s 1973<\/strong>, votre pension de retraite artisan est d\u00e9termin\u00e9e de la m\u00eame mani\u00e8re que pour le r\u00e9gime g\u00e9n\u00e9ral. Soit 50 % du revenu annuel moyen bas\u00e9 sur <strong>vos 25 meilleures ann\u00e9es<\/strong>. Une d\u00e9cote peut \u00eatre appliqu\u00e9e :&nbsp;<\/p>\n\n\n\n<ul class=\"wp-block-list\">\n<li>proportionnellement aux trimestres valid\u00e9s \u00e0 la SSI en comparaison \u00e0 la dur\u00e9e d&rsquo;assurance totale ;<\/li>\n<\/ul>\n\n\n\n<ul class=\"wp-block-list\">\n<li>si vous n&rsquo;atteignez pas le nombre requis de trimestres (d\u00e9cote de 1,25 % pour chaque trimestre manquant).<\/li>\n<\/ul>\n\n\n\n<p>\u00c0 l\u2019inverse, il est possible de b\u00e9n\u00e9ficier d\u2019une <strong>surcote de 1,25 %<\/strong> par trimestre suppl\u00e9mentaire si vous prolongez votre activit\u00e9 au-del\u00e0 de la dur\u00e9e d&rsquo;assurance. <\/p>\n\n\n\n<p>Si vous avez commenc\u00e9 votre activit\u00e9 artisanale avant 1973, votre <strong>retraite artisan<\/strong> est calcul\u00e9e par point. On utilise la formule suivante : points accumul\u00e9s avant 1973 x valeur du point.&nbsp;<\/p>\n\n\n\n<h3 class=\"wp-block-heading\">Quelles sont les conditions pour recevoir sa retraite ?<\/h3>\n\n\n\n<p>Avec la suppression du RSI, les conditions pour les ind\u00e9pendants s&rsquo;alignent progressivement sur celles du r\u00e9gime g\u00e9n\u00e9ral. Pour recevoir une pension de retraite compl\u00e8te, il faut :&nbsp;<\/p>\n\n\n\n<ul class=\"wp-block-list\">\n<li>atteindre l&rsquo;\u00e2ge l\u00e9gal de retraite ;<\/li>\n\n\n\n<li>cotiser le nombre n\u00e9cessaire de trimestres.<\/li>\n<\/ul>\n\n\n\n<p>En partant \u00e0 la retraite apr\u00e8s 67 ans, le taux plein est garanti m\u00eame sans le nombre requis de trimestres. Cependant, la pension est ajust\u00e9e proportionnellement aux trimestres valid\u00e9s.<\/p>\n\n\n\n<p><em>A lire \u00e9galement : <a href=\"https:\/\/www.obat.fr\/blog\/retraite-pro-btp\/\" target=\"_blank\" rel=\"noreferrer noopener\">Retraite avec Pro BTP | Indemnit\u00e9s et comment la demander<\/a><\/em><\/p>\n\n\n\n<h2 class=\"wp-block-heading\">Retraite artisan du b\u00e2timent : comment fonctionne la retraite de base ?<\/h2>\n\n\n\n<h3 class=\"wp-block-heading\">La cotisation retraite artisan en 2023&nbsp;<\/h3>\n\n\n\n<p>Les ind\u00e9pendants et artisans cotisent \u00e0 leur <strong>retraite compl\u00e9mentaire artisan <\/strong>comme ceci :&nbsp;<\/p>\n\n\n\n<ul class=\"wp-block-list\">\n<li>7 % sur le revenu compris entre 38 916 \u20ac et 175 968 \u20ac ;<\/li>\n\n\n\n<li>8 % pour la portion du revenu inf\u00e9rieure \u00e0 38 916 \u20ac.&nbsp;<\/li>\n<\/ul>\n\n\n\n<p>Il n&rsquo;existe pas de cotisation minimale pour cette retraite compl\u00e9mentaire.<\/p>\n\n\n\n<h3 class=\"wp-block-heading\">Comment calculer sa retraite artisan compl\u00e9mentaire ?<\/h3>\n\n\n\n<p>Pour obtenir une <strong>pension compl\u00e9mentaire de la SSI<\/strong>, les crit\u00e8res sont les m\u00eames que pour la retraite de base. Il est \u00e9galement n\u00e9cessaire d&rsquo;avoir entam\u00e9 les d\u00e9marches pour percevoir cette derni\u00e8re. <\/p>\n\n\n\n<p>Dans tous les syst\u00e8mes bas\u00e9s sur des points, la pension est d\u00e9termin\u00e9e en multipliant le total de points accumul\u00e9s par leur valeur respective. Si une d\u00e9cote est appliqu\u00e9e \u00e0 la retraite de base, la pension compl\u00e9mentaire subit \u00e9galement une r\u00e9duction, mais avec des taux diff\u00e9rents :<\/p>\n\n\n\n<ul class=\"wp-block-list\">\n<li>1 % pour chaque trimestre manquant jusqu&rsquo;aux 12 premiers ;<\/li>\n\n\n\n<li>1,25 % \u00e0 partir du 13e.<\/li>\n<\/ul>\n\n\n\n<p>La r\u00e9duction maximale est de 22 %, ce qui \u00e9quivaut \u00e0 20 trimestres manquants.<\/p>\n\n\n\n<h2 class=\"wp-block-heading\">Calcul retraite artisan : 4 facteurs pris en compte<\/h2>\n\n\n\n<p>Comment d\u00e9terminer sa<strong> pension de retraite artisan<\/strong> ? Depuis 1973, le calcul se base sur 4 \u00e9l\u00e9ments cl\u00e9s :&nbsp;<\/p>\n\n\n\n<ul class=\"wp-block-list\">\n<li><strong>Revenu annuel moyen<\/strong> : il se calcule \u00e0 partir des 25 meilleures ann\u00e9es d&rsquo;activit\u00e9, dans la limite d\u2019un PASS.<\/li>\n\n\n\n<li><strong>Taux de retraite<\/strong> : un artisan a droit \u00e0 une pension compl\u00e8te (soit 50 %) s&rsquo;il atteint l&rsquo;\u00e2ge requis, qu\u2019il a valid\u00e9 un nombre d\u00e9fini de trimestres et\/ou qu\u2019il remplit des conditions sp\u00e9cifiques (incapacit\u00e9 de travail, carri\u00e8re longue, handicap, ancien combattant, etc.).<\/li>\n\n\n\n<li><strong>Nombre de trimestres valid\u00e9s<\/strong> : pour le calcul de la retraite, sont pris en compte les trimestres cotis\u00e9s, les trimestres assimil\u00e9s (service militaire, maladie, ch\u00f4mage, etc.) et les \u00e9ventuelles majorations pour enfants ou conditions de travail difficiles.<\/li>\n\n\n\n<li><strong>Dur\u00e9e de r\u00e9f\u00e9rence<\/strong> : selon votre ann\u00e9e de naissance, une dur\u00e9e de r\u00e9f\u00e9rence est d\u00e9termin\u00e9e pour fixer le nombre de trimestres \u00e0 cotiser afin de b\u00e9n\u00e9ficier d&rsquo;une retraite \u00e0 taux plein.<\/li>\n<\/ul>\n\n\n\n<p><em>A lire \u00e9galement : <a href=\"https:\/\/www.obat.fr\/blog\/prime-depart-retraite-pro-btp\/\" target=\"_blank\" rel=\"noreferrer noopener\">Prime de d\u00e9part en retraite Pro BTP : conditions et demande<\/a><\/em><\/p>\n\n\n\n<h2 class=\"wp-block-heading\">R\u00e9forme 2023 : qu\u2019est-ce qui change pour la retraite des artisans ?<\/h2>\n\n\n\n<h3 class=\"wp-block-heading\">Recul de l\u2019\u00e2ge l\u00e9gal de d\u00e9part en retraite<\/h3>\n\n\n\n<p>\u00c0 partir du 1er septembre 2023, de nouvelles r\u00e8gles s&rsquo;appliquent \u00e0 la fois aux <strong>travailleurs ind\u00e9pendants<\/strong> et aux salari\u00e9s concernant l&rsquo;\u00e2ge de d\u00e9part \u00e0 la retraite. <\/p>\n\n\n\n<p>Initialement fix\u00e9 \u00e0 62 ans, cet \u00e2ge augmentera de 3 mois chaque ann\u00e9e, avec pour objectif d&rsquo;atteindre <strong>64 ans<\/strong> en 2030 pour ceux n\u00e9s en 1966 et ult\u00e9rieurement. Ainsi, une personne n\u00e9e en 1961 travaillera 3 mois de plus avant de pouvoir prendre sa retraite. <\/p>\n\n\n\n<p>Toutefois, l&rsquo;<strong>\u00e2ge du taux plein<\/strong> <strong>demeure \u00e0 67 ans<\/strong>. Les retrait\u00e9s qui continuent \u00e0 travailler apr\u00e8s cet \u00e2ge b\u00e9n\u00e9ficieront d&rsquo;une augmentation annuelle de 5 % de leur pension de retraite. <\/p>\n\n\n\n<p>\u00c0 savoir que des dispositions sp\u00e9ciales sont en place pour les personnes ayant commenc\u00e9 leur carri\u00e8re t\u00f4t : un d\u00e9part \u00e0 58 ans pour ceux qui ont d\u00e9but\u00e9 avant l&rsquo;\u00e2ge de 16 ans ; \u00e0 60 ans pour ceux qui ont commenc\u00e9 avant 18 ans.&nbsp;<\/p>\n\n\n\n<h3 class=\"wp-block-heading\">Allongement de la dur\u00e9e de cotisation<\/h3>\n\n\n\n<p>La dur\u00e9e requise pour cotiser en vue d&rsquo;une <strong>retraite artisan compl\u00e8te<\/strong> va \u00e9galement augmenter, passant \u00e0 43 ans d&rsquo;ici 2027. Cela \u00e9quivaut \u00e0 172 trimestres pour ceux n\u00e9s en 1965 et apr\u00e8s, et \u00e0 168 trimestres pour ceux n\u00e9s entre septembre et d\u00e9cembre 1961. <\/p>\n\n\n\n<p>Qui du montant de la pension ? Par exemple, un salaire \u00e9quivalant au SMIC tout au long de la carri\u00e8re garantira une pension repr\u00e9sentant 85 % du SMIC net. Ainsi, le <strong>montant minimum de retraite d&rsquo;un artisan sera de 1\u2009200 \u20ac bruts mensuels<\/strong>. <\/p>\n\n\n\n<p>Des ajustements sont actuellement \u00e0 l&rsquo;\u00e9tude pour aider les ind\u00e9pendants, notamment en ce qui concerne la m\u00e9thode de calcul des cotisations sociales.<\/p>\n\n\n\n<h2 class=\"wp-block-heading\">Comment demander sa retraite d&rsquo;artisan ?<\/h2>\n\n\n\n<p>Pour entamer sa proc\u00e9dure de<strong> demande de retraite artisan<\/strong> aupr\u00e8s de la SSI, nous vous conseillons de pr\u00e9parer votre dossier entre 4 et 6 mois avant la date pr\u00e9vue de votre retraite. Vous d\u00e9posez votre demande, vous pouvez ensuite :&nbsp;<\/p>\n\n\n\n<ul class=\"wp-block-list\">\n<li>utiliser votre espace personnel sur <a href=\"https:\/\/www.info-retraite.fr\/portail-info\/home.html\" target=\"_blank\" rel=\"noreferrer noopener\">Info-retraite.fr<\/a> ;<\/li>\n\n\n\n<li>envoyer votre demande par \u00e9crit \u00e0 la derni\u00e8re caisse de retraite o\u00f9 vous avez effectu\u00e9 vos cotisations.<\/li>\n<\/ul>\n\n\n\n<p>Petit conseil suppl\u00e9mentaire : il est conseill\u00e9 de solliciter un \u00e9tat d\u00e9taill\u00e9 de votre carri\u00e8re, via un <strong>relev\u00e9 de carri\u00e8re<\/strong>. Quand ? Environ 2 ans avant de prendre votre retraite. Cela vous permet de rectifier toute inexactitude \u00e9ventuelle et de v\u00e9rifier que tous vos trimestres ont bien \u00e9t\u00e9 comptabilis\u00e9s par exemple.<\/p>\n\n\n\n<hr class=\"wp-block-separator has-alpha-channel-opacity\"\/>\n\n\n\n<p>La r\u00e9forme des retraites 2023 va bouleverser le fonctionnement et les modes de calcul des retraites artisans, comme pour toutes les activit\u00e9s professionnelles. Pour conna\u00eetre le montant exact de votre retraite \u00e0 venir, utilisez un <strong>simulateur de calcul de retraite <\/strong>!&nbsp;<\/p>\n\n\n<div class=\"kk-star-ratings kksr-auto kksr-align-left kksr-valign-bottom\"\n    data-payload='{&quot;align&quot;:&quot;left&quot;,&quot;id&quot;:&quot;6198&quot;,&quot;slug&quot;:&quot;default&quot;,&quot;valign&quot;:&quot;bottom&quot;,&quot;ignore&quot;:&quot;&quot;,&quot;reference&quot;:&quot;auto&quot;,&quot;class&quot;:&quot;&quot;,&quot;count&quot;:&quot;0&quot;,&quot;legendonly&quot;:&quot;&quot;,&quot;readonly&quot;:&quot;&quot;,&quot;score&quot;:&quot;0&quot;,&quot;starsonly&quot;:&quot;&quot;,&quot;best&quot;:&quot;5&quot;,&quot;gap&quot;:&quot;5&quot;,&quot;greet&quot;:&quot;Notez cet article&quot;,&quot;legend&quot;:&quot;0\\\/5 - (0 vote)&quot;,&quot;size&quot;:&quot;16&quot;,&quot;title&quot;:&quot;Retraite des artisans : calcul et montant en [year]&quot;,&quot;width&quot;:&quot;0&quot;,&quot;_legend&quot;:&quot;{score}\\\/{best} - ({count} {votes})&quot;,&quot;font_factor&quot;:&quot;1.25&quot;}'>\n            \n<div class=\"kksr-stars\">\n    \n<div class=\"kksr-stars-inactive\">\n            <div class=\"kksr-star\" data-star=\"1\" style=\"padding-right: 5px\">\n            \n\n<div class=\"kksr-icon\" style=\"width: 16px; height: 16px;\"><\/div>\n        <\/div>\n            <div class=\"kksr-star\" data-star=\"2\" style=\"padding-right: 5px\">\n            \n\n<div class=\"kksr-icon\" style=\"width: 16px; height: 16px;\"><\/div>\n        <\/div>\n            <div class=\"kksr-star\" data-star=\"3\" style=\"padding-right: 5px\">\n            \n\n<div class=\"kksr-icon\" style=\"width: 16px; height: 16px;\"><\/div>\n        <\/div>\n            <div class=\"kksr-star\" data-star=\"4\" style=\"padding-right: 5px\">\n            \n\n<div class=\"kksr-icon\" style=\"width: 16px; height: 16px;\"><\/div>\n        <\/div>\n            <div class=\"kksr-star\" data-star=\"5\" style=\"padding-right: 5px\">\n            \n\n<div class=\"kksr-icon\" style=\"width: 16px; height: 16px;\"><\/div>\n        <\/div>\n    <\/div>\n    \n<div class=\"kksr-stars-active\" style=\"width: 0px;\">\n            <div class=\"kksr-star\" style=\"padding-right: 5px\">\n            \n\n<div class=\"kksr-icon\" style=\"width: 16px; height: 16px;\"><\/div>\n        <\/div>\n            <div class=\"kksr-star\" style=\"padding-right: 5px\">\n            \n\n<div class=\"kksr-icon\" style=\"width: 16px; height: 16px;\"><\/div>\n        <\/div>\n            <div class=\"kksr-star\" style=\"padding-right: 5px\">\n            \n\n<div class=\"kksr-icon\" style=\"width: 16px; height: 16px;\"><\/div>\n        <\/div>\n            <div class=\"kksr-star\" style=\"padding-right: 5px\">\n            \n\n<div class=\"kksr-icon\" style=\"width: 16px; height: 16px;\"><\/div>\n        <\/div>\n            <div class=\"kksr-star\" style=\"padding-right: 5px\">\n            \n\n<div class=\"kksr-icon\" style=\"width: 16px; height: 16px;\"><\/div>\n        <\/div>\n    <\/div>\n<\/div>\n                \n\n<div class=\"kksr-legend\" style=\"font-size: 12.8px;\">\n            <span class=\"kksr-muted\">Notez cet article<\/span>\n    <\/div>\n    <\/div>\n","protected":false},"excerpt":{"rendered":"<p>Vous exercez en tant qu&rsquo;artisan ? Dans ce cas, vos retraites de base et compl\u00e9mentaire sont g\u00e9r\u00e9es par la S\u00e9curit\u00e9 Sociale des Ind\u00e9pendants (SSI, anciennement RSI). Depuis 1973, le r\u00e9gime de retraite de base des artisans est harmonis\u00e9 avec celui des salari\u00e9s, mais les droits accumul\u00e9s avant cette r\u00e9forme demeurent intacts. Dans cet article, d\u00e9couvrons [&hellip;]<\/p>\n","protected":false},"author":11,"featured_media":6205,"comment_status":"closed","ping_status":"closed","sticky":false,"template":"","format":"standard","meta":{"_acf_changed":false,"footnotes":""},"categories":[1,18],"tags":[],"class_list":["post-6198","post","type-post","status-publish","format-standard","has-post-thumbnail","hentry","category-actualites","category-reglementation"],"acf":{"adam_posts_cta_bloc":{"adam_cb_image":null,"adam_cb_titre":"Trouvez des chantiers en sous traitance pr\u00e8s de chez vous.","adam_cb_cta":null},"hide_the_universal_cta":false},"yoast_head":"<!-- This site is optimized with the Yoast SEO Premium plugin v27.2 (Yoast SEO v27.3) - https:\/\/yoast.com\/product\/yoast-seo-premium-wordpress\/ -->\n<title>Retraite des artisans : calcul et montant en 2026<\/title>\n<meta name=\"description\" content=\"Vous \u00eates artisan et vous vous posez des questions sur votre retraite ? D\u00e9couvrez tout ce qu\u2019il faut savoir dans cet article. \u00a0\" \/>\n<meta name=\"robots\" content=\"index, follow, max-snippet:-1, max-image-preview:large, max-video-preview:-1\" \/>\n<link rel=\"canonical\" href=\"https:\/\/www.obat.fr\/blog\/retraite-artisan\/\" \/>\n<meta property=\"og:locale\" content=\"fr_FR\" \/>\n<meta property=\"og:type\" content=\"article\" \/>\n<meta property=\"og:title\" content=\"Retraite des artisans : calcul et montant en 2026\" \/>\n<meta property=\"og:description\" content=\"Vous \u00eates artisan et vous vous posez des questions sur votre retraite ? D\u00e9couvrez tout ce qu\u2019il faut savoir dans cet article. \u00a0\" \/>\n<meta property=\"og:url\" content=\"https:\/\/www.obat.fr\/blog\/retraite-artisan\/\" \/>\n<meta property=\"og:site_name\" content=\"Blog Obat\" \/>\n<meta property=\"article:published_time\" content=\"2023-09-11T15:39:20+00:00\" \/>\n<meta property=\"article:modified_time\" content=\"2024-01-18T14:11:29+00:00\" \/>\n<meta property=\"og:image\" content=\"https:\/\/www.obat.fr\/blog\/wp-content\/uploads\/2023\/09\/retraite-artisan.png\" \/>\n\t<meta property=\"og:image:width\" content=\"735\" \/>\n\t<meta property=\"og:image:height\" content=\"360\" \/>\n\t<meta property=\"og:image:type\" content=\"image\/png\" \/>\n<meta name=\"author\" content=\"Mathilde Fauconnier\" \/>\n<meta name=\"twitter:card\" content=\"summary_large_image\" \/>\n<meta name=\"twitter:label1\" content=\"\u00c9crit par\" \/>\n\t<meta name=\"twitter:data1\" content=\"Mathilde Fauconnier\" \/>\n\t<meta name=\"twitter:label2\" content=\"Dur\u00e9e de lecture estim\u00e9e\" \/>\n\t<meta name=\"twitter:data2\" content=\"7 minutes\" \/>\n<script type=\"application\/ld+json\" class=\"yoast-schema-graph\">{\"@context\":\"https:\\\/\\\/schema.org\",\"@graph\":[{\"@type\":\"Article\",\"@id\":\"https:\\\/\\\/www.obat.fr\\\/blog\\\/retraite-artisan\\\/#article\",\"isPartOf\":{\"@id\":\"https:\\\/\\\/www.obat.fr\\\/blog\\\/retraite-artisan\\\/\"},\"author\":{\"name\":\"Mathilde Fauconnier\",\"@id\":\"https:\\\/\\\/www.obat.fr\\\/blog\\\/#\\\/schema\\\/person\\\/d6a74201e2ceca55da5c6e236380077e\"},\"headline\":\"Retraite des artisans : calcul et montant en 2026\",\"datePublished\":\"2023-09-11T15:39:20+00:00\",\"dateModified\":\"2024-01-18T14:11:29+00:00\",\"mainEntityOfPage\":{\"@id\":\"https:\\\/\\\/www.obat.fr\\\/blog\\\/retraite-artisan\\\/\"},\"wordCount\":1380,\"image\":{\"@id\":\"https:\\\/\\\/www.obat.fr\\\/blog\\\/retraite-artisan\\\/#primaryimage\"},\"thumbnailUrl\":\"https:\\\/\\\/www.obat.fr\\\/blog\\\/wp-content\\\/uploads\\\/2023\\\/09\\\/retraite-artisan.png\",\"articleSection\":[\"Actualit\u00e9s\",\"R\u00e9glementation\"],\"inLanguage\":\"fr-FR\"},{\"@type\":\"WebPage\",\"@id\":\"https:\\\/\\\/www.obat.fr\\\/blog\\\/retraite-artisan\\\/\",\"url\":\"https:\\\/\\\/www.obat.fr\\\/blog\\\/retraite-artisan\\\/\",\"name\":\"Retraite des artisans : calcul et montant en 2026\",\"isPartOf\":{\"@id\":\"https:\\\/\\\/www.obat.fr\\\/blog\\\/#website\"},\"primaryImageOfPage\":{\"@id\":\"https:\\\/\\\/www.obat.fr\\\/blog\\\/retraite-artisan\\\/#primaryimage\"},\"image\":{\"@id\":\"https:\\\/\\\/www.obat.fr\\\/blog\\\/retraite-artisan\\\/#primaryimage\"},\"thumbnailUrl\":\"https:\\\/\\\/www.obat.fr\\\/blog\\\/wp-content\\\/uploads\\\/2023\\\/09\\\/retraite-artisan.png\",\"datePublished\":\"2023-09-11T15:39:20+00:00\",\"dateModified\":\"2024-01-18T14:11:29+00:00\",\"author\":{\"@id\":\"https:\\\/\\\/www.obat.fr\\\/blog\\\/#\\\/schema\\\/person\\\/d6a74201e2ceca55da5c6e236380077e\"},\"description\":\"Vous \u00eates artisan et vous vous posez des questions sur votre retraite ? D\u00e9couvrez tout ce qu\u2019il faut savoir dans cet article. \u00a0\",\"breadcrumb\":{\"@id\":\"https:\\\/\\\/www.obat.fr\\\/blog\\\/retraite-artisan\\\/#breadcrumb\"},\"inLanguage\":\"fr-FR\",\"potentialAction\":[{\"@type\":\"ReadAction\",\"target\":[\"https:\\\/\\\/www.obat.fr\\\/blog\\\/retraite-artisan\\\/\"]}]},{\"@type\":\"ImageObject\",\"inLanguage\":\"fr-FR\",\"@id\":\"https:\\\/\\\/www.obat.fr\\\/blog\\\/retraite-artisan\\\/#primaryimage\",\"url\":\"https:\\\/\\\/www.obat.fr\\\/blog\\\/wp-content\\\/uploads\\\/2023\\\/09\\\/retraite-artisan.png\",\"contentUrl\":\"https:\\\/\\\/www.obat.fr\\\/blog\\\/wp-content\\\/uploads\\\/2023\\\/09\\\/retraite-artisan.png\",\"width\":735,\"height\":360,\"caption\":\"retraite artisan\"},{\"@type\":\"BreadcrumbList\",\"@id\":\"https:\\\/\\\/www.obat.fr\\\/blog\\\/retraite-artisan\\\/#breadcrumb\",\"itemListElement\":[{\"@type\":\"ListItem\",\"position\":1,\"name\":\"Accueil\",\"item\":\"https:\\\/\\\/www.obat.fr\\\/blog\\\/\"},{\"@type\":\"ListItem\",\"position\":2,\"name\":\"R\u00e9glementation\",\"item\":\"https:\\\/\\\/www.obat.fr\\\/blog\\\/reglementation\\\/\"},{\"@type\":\"ListItem\",\"position\":3,\"name\":\"Retraite des artisans : calcul et montant en 2024\"}]},{\"@type\":\"WebSite\",\"@id\":\"https:\\\/\\\/www.obat.fr\\\/blog\\\/#website\",\"url\":\"https:\\\/\\\/www.obat.fr\\\/blog\\\/\",\"name\":\"Blog Obat\",\"description\":\"Blog Obat\",\"potentialAction\":[{\"@type\":\"SearchAction\",\"target\":{\"@type\":\"EntryPoint\",\"urlTemplate\":\"https:\\\/\\\/www.obat.fr\\\/blog\\\/?s={search_term_string}\"},\"query-input\":{\"@type\":\"PropertyValueSpecification\",\"valueRequired\":true,\"valueName\":\"search_term_string\"}}],\"inLanguage\":\"fr-FR\"},{\"@type\":\"Person\",\"@id\":\"https:\\\/\\\/www.obat.fr\\\/blog\\\/#\\\/schema\\\/person\\\/d6a74201e2ceca55da5c6e236380077e\",\"name\":\"Mathilde Fauconnier\",\"image\":{\"@type\":\"ImageObject\",\"inLanguage\":\"fr-FR\",\"@id\":\"https:\\\/\\\/secure.gravatar.com\\\/avatar\\\/0a2f3a6912b4ed6e6822f1a7af825dd54683111e0146dafed3d083e913dd4b61?s=96&d=blank&r=g\",\"url\":\"https:\\\/\\\/secure.gravatar.com\\\/avatar\\\/0a2f3a6912b4ed6e6822f1a7af825dd54683111e0146dafed3d083e913dd4b61?s=96&d=blank&r=g\",\"contentUrl\":\"https:\\\/\\\/secure.gravatar.com\\\/avatar\\\/0a2f3a6912b4ed6e6822f1a7af825dd54683111e0146dafed3d083e913dd4b61?s=96&d=blank&r=g\",\"caption\":\"Mathilde Fauconnier\"},\"description\":\"R\u00e9dactrice web SEO, j\u2019accompagne Obat depuis 3 ans dans la cr\u00e9ation de contenus en d\u00e9cryptant les sp\u00e9cificit\u00e9s de la gestion du b\u00e2timent pour les artisans.\",\"sameAs\":[\"https:\\\/\\\/www.linkedin.com\\\/in\\\/mathilde-fauconnier-743180b3\\\/\"],\"url\":\"https:\\\/\\\/www.obat.fr\\\/blog\\\/author\\\/mathilde\\\/\"}]}<\/script>\n<!-- \/ Yoast SEO Premium plugin. -->","yoast_head_json":{"title":"Retraite des artisans : calcul et montant en 2026","description":"Vous \u00eates artisan et vous vous posez des questions sur votre retraite ? D\u00e9couvrez tout ce qu\u2019il faut savoir dans cet article. \u00a0","robots":{"index":"index","follow":"follow","max-snippet":"max-snippet:-1","max-image-preview":"max-image-preview:large","max-video-preview":"max-video-preview:-1"},"canonical":"https:\/\/www.obat.fr\/blog\/retraite-artisan\/","og_locale":"fr_FR","og_type":"article","og_title":"Retraite des artisans : calcul et montant en 2026","og_description":"Vous \u00eates artisan et vous vous posez des questions sur votre retraite ? D\u00e9couvrez tout ce qu\u2019il faut savoir dans cet article. \u00a0","og_url":"https:\/\/www.obat.fr\/blog\/retraite-artisan\/","og_site_name":"Blog Obat","article_published_time":"2023-09-11T15:39:20+00:00","article_modified_time":"2024-01-18T14:11:29+00:00","og_image":[{"width":735,"height":360,"url":"https:\/\/www.obat.fr\/blog\/wp-content\/uploads\/2023\/09\/retraite-artisan.png","type":"image\/png"}],"author":"Mathilde Fauconnier","twitter_card":"summary_large_image","twitter_misc":{"\u00c9crit par":"Mathilde Fauconnier","Dur\u00e9e de lecture estim\u00e9e":"7 minutes"},"schema":{"@context":"https:\/\/schema.org","@graph":[{"@type":"Article","@id":"https:\/\/www.obat.fr\/blog\/retraite-artisan\/#article","isPartOf":{"@id":"https:\/\/www.obat.fr\/blog\/retraite-artisan\/"},"author":{"name":"Mathilde Fauconnier","@id":"https:\/\/www.obat.fr\/blog\/#\/schema\/person\/d6a74201e2ceca55da5c6e236380077e"},"headline":"Retraite des artisans : calcul et montant en 2026","datePublished":"2023-09-11T15:39:20+00:00","dateModified":"2024-01-18T14:11:29+00:00","mainEntityOfPage":{"@id":"https:\/\/www.obat.fr\/blog\/retraite-artisan\/"},"wordCount":1380,"image":{"@id":"https:\/\/www.obat.fr\/blog\/retraite-artisan\/#primaryimage"},"thumbnailUrl":"https:\/\/www.obat.fr\/blog\/wp-content\/uploads\/2023\/09\/retraite-artisan.png","articleSection":["Actualit\u00e9s","R\u00e9glementation"],"inLanguage":"fr-FR"},{"@type":"WebPage","@id":"https:\/\/www.obat.fr\/blog\/retraite-artisan\/","url":"https:\/\/www.obat.fr\/blog\/retraite-artisan\/","name":"Retraite des artisans : calcul et montant en 2026","isPartOf":{"@id":"https:\/\/www.obat.fr\/blog\/#website"},"primaryImageOfPage":{"@id":"https:\/\/www.obat.fr\/blog\/retraite-artisan\/#primaryimage"},"image":{"@id":"https:\/\/www.obat.fr\/blog\/retraite-artisan\/#primaryimage"},"thumbnailUrl":"https:\/\/www.obat.fr\/blog\/wp-content\/uploads\/2023\/09\/retraite-artisan.png","datePublished":"2023-09-11T15:39:20+00:00","dateModified":"2024-01-18T14:11:29+00:00","author":{"@id":"https:\/\/www.obat.fr\/blog\/#\/schema\/person\/d6a74201e2ceca55da5c6e236380077e"},"description":"Vous \u00eates artisan et vous vous posez des questions sur votre retraite ? D\u00e9couvrez tout ce qu\u2019il faut savoir dans cet article. \u00a0","breadcrumb":{"@id":"https:\/\/www.obat.fr\/blog\/retraite-artisan\/#breadcrumb"},"inLanguage":"fr-FR","potentialAction":[{"@type":"ReadAction","target":["https:\/\/www.obat.fr\/blog\/retraite-artisan\/"]}]},{"@type":"ImageObject","inLanguage":"fr-FR","@id":"https:\/\/www.obat.fr\/blog\/retraite-artisan\/#primaryimage","url":"https:\/\/www.obat.fr\/blog\/wp-content\/uploads\/2023\/09\/retraite-artisan.png","contentUrl":"https:\/\/www.obat.fr\/blog\/wp-content\/uploads\/2023\/09\/retraite-artisan.png","width":735,"height":360,"caption":"retraite artisan"},{"@type":"BreadcrumbList","@id":"https:\/\/www.obat.fr\/blog\/retraite-artisan\/#breadcrumb","itemListElement":[{"@type":"ListItem","position":1,"name":"Accueil","item":"https:\/\/www.obat.fr\/blog\/"},{"@type":"ListItem","position":2,"name":"R\u00e9glementation","item":"https:\/\/www.obat.fr\/blog\/reglementation\/"},{"@type":"ListItem","position":3,"name":"Retraite des artisans : calcul et montant en 2024"}]},{"@type":"WebSite","@id":"https:\/\/www.obat.fr\/blog\/#website","url":"https:\/\/www.obat.fr\/blog\/","name":"Blog Obat","description":"Blog Obat","potentialAction":[{"@type":"SearchAction","target":{"@type":"EntryPoint","urlTemplate":"https:\/\/www.obat.fr\/blog\/?s={search_term_string}"},"query-input":{"@type":"PropertyValueSpecification","valueRequired":true,"valueName":"search_term_string"}}],"inLanguage":"fr-FR"},{"@type":"Person","@id":"https:\/\/www.obat.fr\/blog\/#\/schema\/person\/d6a74201e2ceca55da5c6e236380077e","name":"Mathilde Fauconnier","image":{"@type":"ImageObject","inLanguage":"fr-FR","@id":"https:\/\/secure.gravatar.com\/avatar\/0a2f3a6912b4ed6e6822f1a7af825dd54683111e0146dafed3d083e913dd4b61?s=96&d=blank&r=g","url":"https:\/\/secure.gravatar.com\/avatar\/0a2f3a6912b4ed6e6822f1a7af825dd54683111e0146dafed3d083e913dd4b61?s=96&d=blank&r=g","contentUrl":"https:\/\/secure.gravatar.com\/avatar\/0a2f3a6912b4ed6e6822f1a7af825dd54683111e0146dafed3d083e913dd4b61?s=96&d=blank&r=g","caption":"Mathilde Fauconnier"},"description":"R\u00e9dactrice web SEO, j\u2019accompagne Obat depuis 3 ans dans la cr\u00e9ation de contenus en d\u00e9cryptant les sp\u00e9cificit\u00e9s de la gestion du b\u00e2timent pour les artisans.","sameAs":["https:\/\/www.linkedin.com\/in\/mathilde-fauconnier-743180b3\/"],"url":"https:\/\/www.obat.fr\/blog\/author\/mathilde\/"}]}},"_links":{"self":[{"href":"https:\/\/www.obat.fr\/blog\/wp-json\/wp\/v2\/posts\/6198","targetHints":{"allow":["GET"]}}],"collection":[{"href":"https:\/\/www.obat.fr\/blog\/wp-json\/wp\/v2\/posts"}],"about":[{"href":"https:\/\/www.obat.fr\/blog\/wp-json\/wp\/v2\/types\/post"}],"author":[{"embeddable":true,"href":"https:\/\/www.obat.fr\/blog\/wp-json\/wp\/v2\/users\/11"}],"replies":[{"embeddable":true,"href":"https:\/\/www.obat.fr\/blog\/wp-json\/wp\/v2\/comments?post=6198"}],"version-history":[{"count":0,"href":"https:\/\/www.obat.fr\/blog\/wp-json\/wp\/v2\/posts\/6198\/revisions"}],"wp:featuredmedia":[{"embeddable":true,"href":"https:\/\/www.obat.fr\/blog\/wp-json\/wp\/v2\/media\/6205"}],"wp:attachment":[{"href":"https:\/\/www.obat.fr\/blog\/wp-json\/wp\/v2\/media?parent=6198"}],"wp:term":[{"taxonomy":"category","embeddable":true,"href":"https:\/\/www.obat.fr\/blog\/wp-json\/wp\/v2\/categories?post=6198"},{"taxonomy":"post_tag","embeddable":true,"href":"https:\/\/www.obat.fr\/blog\/wp-json\/wp\/v2\/tags?post=6198"}],"curies":[{"name":"wp","href":"https:\/\/api.w.org\/{rel}","templated":true}]}}