{"id":439,"date":"2021-11-03T09:06:00","date_gmt":"2021-11-03T08:06:00","guid":{"rendered":"https:\/\/www.obat.fr\/blog\/?p=439"},"modified":"2026-04-23T11:38:16","modified_gmt":"2026-04-23T09:38:16","slug":"tva-batiment","status":"publish","type":"post","link":"https:\/\/www.obat.fr\/blog\/tva-batiment\/","title":{"rendered":"TVA B\u00e2timent : quel taux appliquer pour les travaux en 2026 ?"},"content":{"rendered":"\n<p>Il est parfois difficile pour <strong>les<\/strong> <strong>artisans <\/strong>et<strong> les TPE\/PME<\/strong> dans le secteur du b\u00e2timent de s\u2019y retrouver parmi les diff\u00e9rents taux de TVA, soit <strong>Taxe sur la Valeur Ajout\u00e9e<\/strong>. De fa\u00e7on \u00e0 pr\u00e9senter des devis et factures corrects \u00e0 vos clients, il convient de <strong>ma\u00eetriser les<\/strong> <strong>taux de TVA en vigueur dans le secteur du BTP<\/strong>. Ceux-ci varient en fonction du type de travaux, de chantier, de mat\u00e9riel, d&rsquo;\u00e9quipement, de type d\u2019habitation ou encore de la forme juridique du client. Point sur les <strong>taux de<\/strong> <strong>TVA dans le b\u00e2timent<\/strong> !<\/p>\n\n\n\n        <div class=\"endPostCta col-12 cta_bloc_classic\">\n            <div class=\"cta-column-left\">\n                <img decoding=\"async\" src=\"https:\/\/www.obat.fr\/blog\/wp-content\/uploads\/2024\/03\/obat-cta.png\" alt=\"\" \/>\n\n            <\/div>\n            <div class=\"cta-column-right\">\n                <div class=\"cta-title\">\n                    <div class=\"cta-title\">Simplifiez votre gestion d\u2019entreprise du b\u00e2timent.<\/div>\n                <\/div>\n\n                                    <div class=\"cta-description\">\n                        Essayez Obat 14 jours gratuitement et sans aucun engagement                    <\/div>\n                \n                                    <a role=\"button\" class=\"obat-button medium-primary-white\" href=\"http:\/\/www.obat.fr\/click?campaign=1550\" target=\"_blank\">\n                        <span>D\u00e9marrer l\u2019essai gratuit<\/span>\n                        <svg xmlns=\"http:\/\/www.w3.org\/2000\/svg\" width=\"12\" height=\"12\" viewBox=\"0 0 12 12\" fill=\"none\">\n                            <path d=\"M1 6L11 6M11 6L7.25 10M11 6L7.25 2\" stroke=\"currentColor\" stroke-width=\"1.5\" stroke-linecap=\"round\" stroke-linejoin=\"round\"><\/path>\n                        <\/svg>\n                    <\/a>\n                \n            <\/div>\n        <\/div>\n    \n\n\n\n<h2 class=\"wp-block-heading\" id=\"h-connaitre-le-taux-de-tva-batiment-a-appliquer-en-moins-de-2-minutes\">Conna\u00eetre le taux de TVA b\u00e2timent \u00e0 appliquer en moins de 2 minutes<\/h2>\n\n\n\n<p>Afin de conna\u00eetre le <strong>taux de TVA \u00e0 appliquer<\/strong> dans votre devis dans le b\u00e2timent, r\u00e9pondez simplement au quiz suivant :<\/p>\n\n\n\n<style>\n  .qz { max-width: 640px; margin: 0 auto; padding: 1.5rem 0; font-family: var(--font-sans, system-ui, sans-serif); }\n  .prog-bar { height: 3px; background: var(--color-border-tertiary, #e5e5e5); border-radius: 2px; margin-bottom: 1.5rem; overflow: hidden; }\n  .prog-fill { height: 100%; background: #1591F0; border-radius: 2px; transition: width 0.35s ease; }\n  .dots { display: flex; gap: 6px; margin-bottom: 1.5rem; flex-wrap: wrap; }\n  .dot { width: 8px; height: 8px; border-radius: 50%; background: var(--color-border-tertiary, #ddd); transition: background 0.2s; }\n  .dot.done { background: #1591F0; }\n  .dot.curr { background: #7DBEF7; }\n  .step-lbl { font-size: 12px; color: var(--color-text-secondary, #888); letter-spacing: 0.05em; text-transform: uppercase; margin: 0 0 0.6rem; }\n  .q-text { font-size: 17px; font-weight: 500; color: var(--color-text-primary, #111); line-height: 1.55; margin: 0 0 0.4rem; }\n  .q-sub { font-size: 13px; color: var(--color-text-secondary, #888); line-height: 1.6; margin: 0 0 1.75rem; font-style: italic; }\n  .btn-row { display: flex; gap: 10px; }\n  .btn-c { flex: 1; padding: 13px 16px; border-radius: 12px; font-size: 15px; font-weight: 500; cursor: pointer; transition: background 0.12s, transform 0.1s; border: 0.5px solid var(--color-border-secondary, #ccc); background: var(--color-background-primary, #fff); color: var(--color-text-primary, #111); }\n  .btn-c:active { transform: scale(0.98); }\n  .btn-c.oui { border-color: #F0997B; color: #993C1D; }\n  .btn-c.oui:hover { background: #FAECE7; }\n  .btn-c.non { border-color: #7DBEF7; color: #0B5FAD; }\n  .btn-c.non:hover { background: #EBF5FE; }\n  .res { border-radius: 12px; padding: 1.5rem 1.75rem; border: 0.5px solid; }\n  .res.r20 { background: #FAECE7; border-color: #F5C4B3; }\n  .res.r10 { background: #E6F1FB; border-color: #B5D4F4; }\n  .res.r55 { background: #EAF3DE; border-color: #C0DD97; }\n  .res-rate { font-size: 42px; font-weight: 500; line-height: 1; margin-bottom: 4px; }\n  .r20 .res-rate { color: #993C1D; }\n  .r10 .res-rate { color: #185FA5; }\n  .r55 .res-rate { color: #3B6D11; }\n  .res-title { font-size: 13px; font-weight: 500; margin-bottom: 10px; }\n  .r20 .res-title { color: #712B13; }\n  .r10 .res-title { color: #0C447C; }\n  .r55 .res-title { color: #27500A; }\n  .res-desc { font-size: 14px; color: #555; line-height: 1.6; margin: 0; }\n  .btn-restart { margin-top: 1.25rem; padding: 9px 18px; border: 0.5px solid #ccc; border-radius: 8px; background: #fff; color: #888; font-size: 13px; cursor: pointer; }\n  .btn-restart:hover { background: #f5f5f5; }\n  .sep { border: none; border-top: 0.5px solid #e5e5e5; margin: 1.5rem 0; }\n  .final-lbl { font-size: 13px; color: #888; padding: 5px 10px; background: #f5f5f5; border-radius: 6px; display: inline-block; margin-bottom: 0.75rem; }\n  .no-mb { margin-bottom: 1.75rem; }\n<\/style>\n\n<div class=\"qz\">\n  <div class=\"prog-bar\"><div class=\"prog-fill\" id=\"pf\" style=\"width:0%\"><\/div><\/div>\n  <div class=\"dots\" id=\"dots\"><\/div>\n  <div id=\"body\"><\/div>\n<\/div>\n\n<script>\nvar Qs = [\n  { t: \"Les travaux concernent-ils une habitation construite il y a moins de 2 ans ?\", s: \"Tout logement achev\u00e9 depuis moins de 2 ans, quelle que soit la nature des travaux.\" },\n  { t: \"Les travaux portent-ils sur des locaux non affect\u00e9s \u00e0 l'habitation ?\", s: \"Bureaux, locaux commerciaux, b\u00e2timents agricoles, h\u00f4tels, auberges de jeunesse, etc.\" },\n  { t: \"Les travaux augmentent-ils de plus de 10 % la surface de plancher ?\", s: \"Surface de la construction ou des locaux existants avant travaux.\" },\n  { t: \"Les travaux sur\u00e9\u00e8vent-ils ou agrandissent-ils la construction existante ?\", s: \"Ajout d'un \u00e9tage, d'une extension, d'un garage accol\u00e9, etc.\" },\n  { t: \"Les travaux portent-ils sur l'installation ou la fourniture d'une chaudi\u00e8re \u00e0 combustibles fossiles ?\", s: \"Chaudi\u00e8re au gaz, au fioul, etc. Nouveaut\u00e9 loi de finances 2025 : ces \u00e9quipements passent au taux normal de 20 %. L'entretien reste \u00e0 10 %.\" },\n  { t: \"Plus de 50 % des fondations sont-elles refaites \u00e0 neuf ?\", s: null },\n  { t: \"Plus de 50 % des \u00e9l\u00e9ments de r\u00e9sistance et rigidit\u00e9 sont-ils refaits \u00e0 neuf ?\", s: \"Charpentes, murs porteurs et autres \u00e9l\u00e9ments structurels de l'ouvrage.\" },\n  { t: \"Plus de 50 % des fa\u00e7ades sont-elles refaites \u00e0 neuf ?\", s: \"Hors travaux de ravalement simple.\" },\n  { t: \"Plus de 2\/3 de chacun des 6 \u00e9l\u00e9ments du second \u0153uvre sont-ils refaits \u00e0 neuf ?\", s: \"Planchers non porteurs, huisseries ext\u00e9rieures, cloisons int\u00e9rieures, sanitaires & plomberie, installations \u00e9lectriques, syst\u00e8me de chauffage (en m\u00e9tropole).\" },\n];\n\nvar cur = 0;\n\nfunction dots() {\n  var d = document.getElementById('dots');\n  var html = '';\n  for (var i = 0; i < Qs.length; i++) {\n    if (i < cur) html += '<div class=\"dot done\"><\/div>';\n    else if (i === cur) html += '<div class=\"dot curr\"><\/div>';\n    else html += '<div class=\"dot\"><\/div>';\n  }\n  d.innerHTML = html;\n}\n\nfunction render() {\n  dots();\n  document.getElementById('pf').style.width = (cur \/ (Qs.length + 1) * 100) + '%';\n  var q = Qs[cur];\n  document.getElementById('body').innerHTML =\n    '<p class=\"step-lbl\">Question ' + (cur + 1) + ' sur 9<\/p>' +\n    '<p class=\"q-text\">' + q.t + '<\/p>' +\n    (q.s ? '<p class=\"q-sub\">' + q.s + '<\/p>' : '<div class=\"no-mb\"><\/div>') +\n    '<div class=\"btn-row\">' +\n    '<button class=\"btn-c oui\" id=\"btn-oui\">Oui \\u2192 TVA 20 %<\/button>' +\n    '<button class=\"btn-c non\" id=\"btn-non\">Non<\/button>' +\n    '<\/div>';\n  document.getElementById('btn-oui').addEventListener('click', function() { ans(true); });\n  document.getElementById('btn-non').addEventListener('click', function() { ans(false); });\n}\n\nfunction ans(yes) {\n  if (yes) { result('r20'); return; }\n  cur++;\n  if (cur === 9) { finalQ(); return; }\n  render();\n}\n\nfunction finalQ() {\n  var d = document.getElementById('dots');\n  for (var i = 0; i < Qs.length; i++) {\n    if (d.children[i]) { d.children[i].className = 'dot done'; }\n  }\n  document.getElementById('pf').style.width = '95%';\n  document.getElementById('body').innerHTML =\n    '<hr class=\"sep\">' +\n    '<span class=\"final-lbl\">Vous avez r\\u00e9pondu Non aux 9 questions<\/span>' +\n    '<p class=\"q-text\" style=\"margin-top:0.75rem\">Les travaux am\\u00e9liorent-ils la performance \\u00e9nerg\\u00e9tique du logement ?<\/p>' +\n    '<p class=\"q-sub\">Isolation, pompe \\u00e0 chaleur, fen\\u00eatres double vitrage conformes aux crit\\u00e8res \\u00e9nerg\\u00e9tiques, VMC double flux, etc.<\/p>' +\n    '<div class=\"btn-row\">' +\n    '<button class=\"btn-c oui\" id=\"btn-oui-final\">Oui \\u2192 TVA 5,5 %<\/button>' +\n    '<button class=\"btn-c non\" id=\"btn-non-final\">Non \\u2192 TVA 10 %<\/button>' +\n    '<\/div>';\n  document.getElementById('btn-oui-final').addEventListener('click', function() { result('r55'); });\n  document.getElementById('btn-non-final').addEventListener('click', function() { result('r10'); });\n}\n\nfunction result(type) {\n  document.getElementById('pf').style.width = '100%';\n  dots();\n  var cfg = {\n    r20: { rate: '20 %', title: 'Taux normal', desc: \"L'une des conditions de construction neuve ou assimil\\u00e9e est remplie. Vous devez facturer vos travaux avec une TVA \\u00e0 20 %.\" },\n    r10: { rate: '10 %', title: 'Taux interm\\u00e9diaire', desc: \"Les travaux constituent une am\\u00e9lioration ou r\\u00e9novation classique sans impact \\u00e9nerg\\u00e9tique sur un logement de plus de 2 ans. TVA applicable : 10 %.\" },\n    r55: { rate: '5,5 %', title: 'Taux r\\u00e9duit', desc: \"Les travaux am\\u00e9liorent la performance \\u00e9nerg\\u00e9tique du logement. TVA applicable : 5,5 %. Depuis mars 2025, une simple mention sur le devis ou la facture remplace l'ancienne attestation Cerfa.\" },\n  };\n  var c = cfg[type];\n  document.getElementById('body').innerHTML =\n    '<div class=\"res ' + type + '\">' +\n    '<div class=\"res-rate\">' + c.rate + '<\/div>' +\n    '<div class=\"res-title\">' + c.title + '<\/div>' +\n    '<p class=\"res-desc\">' + c.desc + '<\/p>' +\n    '<\/div>' +\n    '<div style=\"display:flex;gap:10px;margin-top:1.25rem;flex-wrap:wrap;\">' +\n    '<a href=\"https:\/\/www.obat.fr\/click?campaign=1548\" target=\"_blank\" id=\"cta-obat\" style=\"flex:1;min-width:180px;display:block;text-align:center;padding:12px 16px;background:#1591F0;color:#fff;font-size:14px;font-weight:500;border-radius:8px;text-decoration:none;\">Cr\\u00e9er un devis avec le bon taux sur Obat \\u2192<\/a>' +\n    '<button class=\"btn-restart\" id=\"btn-restart\" style=\"flex:0 0 auto;\">\\u2190 Recommencer<\/button>' +\n    '<\/div>';\n  document.getElementById('btn-restart').addEventListener('click', function() { restart(); });\n}\n\nfunction restart() {\n  cur = 0;\n  document.getElementById('pf').style.width = '0%';\n  render();\n}\n\nrender();\n<\/script>\n\n\n\n<p>Autrement dit, appliquez le taux de TVA normal \u00e0 <strong>20%<\/strong> si les travaux :<\/p>\n\n\n\n<ol class=\"wp-block-list\">\n<li>Concernent une habitation construite il y a moins de 2 ans ;<\/li>\n\n\n\n<li>Portent sur des\u00a0locaux qui ne sont pas affect\u00e9s \u00e0 l&rsquo;habitation ; (bureaux, etc.) ;<\/li>\n\n\n\n<li>Augmentent de plus de 10% la surface de plancher de la construction \/ des locaux existants ;<\/li>\n\n\n\n<li>Sur\u00e9l\u00e8vent ou agrandissent la construction existante ;<\/li>\n\n\n\n<li>Portent sur l&rsquo;installation et\/ou la fourniture d&rsquo;une chaudi\u00e8re utilisant des combustibles fossiles (gaz, fioul, etc.) <\/li>\n\n\n\n<li>Refont \u00e0 neuf plus de 50% des fondations ;<\/li>\n\n\n\n<li>Refont \u00e0 neuf plus de 50% des \u00e9l\u00e9ments participant \u00e0 la r\u00e9sistance et \u00e0 la rigidit\u00e9 de l\u2019ouvrage (charpentes, murs porteurs) ;<\/li>\n\n\n\n<li>Refont \u00e0 neuf plus de 50% des fa\u00e7ades (hors ravalement) ;<\/li>\n\n\n\n<li>Refont \u00e0 neuf plus de 2\/3 de chacun des six \u00e9l\u00e9ments du second \u0153uvre (les planchers ne d\u00e9terminant pas la rigidit\u00e9 ou la r\u00e9sistance de l&rsquo;ouvrage, les huisseries ext\u00e9rieures, les cloisons int\u00e9rieures, les installations sanitaires et de plomberie, les installations \u00e9lectriques, et, pour les op\u00e9rations r\u00e9alis\u00e9es en m\u00e9tropole, le syst\u00e8me de chauffage).<\/li>\n<\/ol>\n\n\n\n<p>Si aucun de ces cas ne s&rsquo;applique et que les travaux rel\u00e8vent d\u2019une am\u00e9lioration de la qualit\u00e9 \u00e9nerg\u00e9tique, alors le taux de TVA \u00e0 appliquer est de <strong>5,5%<\/strong>. <\/p>\n\n\n\n<p>Si les travaux rel\u00e8vent d&rsquo;une simple r\u00e9novation (sans impact sur les performances \u00e9nerg\u00e9tiques), il est de <strong>10%<\/strong>.<\/p>\n\n\n\n<p class=\"has-background\" style=\"background-color:#e5ecfa\"><em>A lire \u00e9galement : <a href=\"https:\/\/www.obat.fr\/blog\/comment-chiffrer-chantier\/\">Comment chiffrer un chantier ? Le guide complet<\/a><\/em><\/p>\n\n\n\n<h2 class=\"wp-block-heading\" id=\"h-les-differents-taux-de-tva-a-appliquer-pour-les-travaux-du-batiment\">Les diff\u00e9rents taux de TVA \u00e0 appliquer pour les travaux du b\u00e2timent<\/h2>\n\n\n\n<p>Il existe <strong>trois diff\u00e9rents type de TVA<\/strong> en France m\u00e9tropolitaine : <\/p>\n\n\n\n<ul class=\"wp-block-list\">\n<li>La TVA \u00e0 taux normal (20%) ;<\/li>\n\n\n\n<li>La TVA \u00e0 taux interm\u00e9diaire (10%) ;<\/li>\n\n\n\n<li>La TVA \u00e0 taux r\u00e9duit (5,5%).<\/li>\n<\/ul>\n\n\n\n<h3 class=\"wp-block-heading\" id=\"h-tva-a-20-taux-normal\"> TVA \u00e0 20% (taux normal)<\/h3>\n\n\n\n<p>La <strong>TVA \u00e0 taux normal (20%) <\/strong>est le taux par d\u00e9faut appliqu\u00e9 \u00e0 l\u2019immobilier. Certains cas pourront donner lieu \u00e0 une TVA interm\u00e9diaire ou r\u00e9duite, mais pour tous les cas suivant, dans le b\u00e2timent, vous devrez appliquer le Taux normal (20%). <\/p>\n\n\n\n<h4 class=\"wp-block-heading\" id=\"h-les-types-de-locaux-concernes-par-la-tva-a-20\">Les types de locaux concern\u00e9s par la TVA \u00e0 20%<\/h4>\n\n\n\n<ul class=\"wp-block-list\">\n<li>L\u2019habitation, immeuble ou logement collectif concern\u00e9 <strong>n\u2019a pas \u00e9t\u00e9 achev\u00e9 depuis plus de deux ans*<\/strong>. Tous les immeubles neuf et habitations neuves sont concern\u00e9s par le taux normal de TVA ;<\/li>\n\n\n\n<li>Les travaux concernent des <strong>locaux \u00e0 usage autre que des habitations.<\/strong> Par exemple, des locaux professionnels, les b\u00e2timents \u00e0 usage agricole(grange, \u00e9curie, serres..) ainsi que les h\u00e9bergement touristique commerciaux de type(h\u00f4tel, auberge..) ;<\/li>\n\n\n\n<li>Les prestations rel\u00e8vent de travaux <strong>d\u2019am\u00e9nagement<\/strong>, de <strong>nettoyage<\/strong> et <strong>entretien<\/strong> des espaces verts (paysagistes&#8230;) ;<\/li>\n\n\n\n<li>Vous fournissez \u00e0 vos clients des <strong>\u00e9quipements m\u00e9nagers<\/strong> ou <strong>mobilier<\/strong> (cuisine\u2026) ;<\/li>\n\n\n\n<li>Vos travaux comportent l\u2019acquisition de gros \u00e9quipements dans le cadre de travaux <strong>d\u2019installation<\/strong> ou de <strong>remplacement de syst\u00e8me de chauffage<\/strong> (sauf dans le cas de travaux d\u2019\u00e9conomie d\u2019\u00e9nergie) ;<\/li>\n\n\n\n<li>Votre chantier concerne une <strong>installation<\/strong> ou <strong>entretien d\u2019ascenseurs<\/strong>.<\/li>\n<\/ul>\n\n\n\n<p>Si vos travaux concernent un des cas mentionn\u00e9s ci-dessus, vous devrez donc <strong>appliquer le taux de TVA normal de 20% <\/strong>sur l\u2019ensemble de vos devis et factures envoy\u00e9s \u00e0 vos clients.<\/p>\n\n\n\n<h4 class=\"wp-block-heading\" id=\"h-a-noter-ces-cas-plus-particuliers-dans-lesquels-vous-devrez-aussi-appliquer-le-taux-de-tva-normal\">A noter ces cas plus particuliers dans lesquels vous devrez aussi appliquer le taux de TVA normal : <\/h4>\n\n\n\n<ul class=\"wp-block-list\">\n<li>Vos travaux concernent <strong>la<\/strong> <strong>d\u00e9molition<\/strong> (d\u00e9molition totale suivie ou non par des travaux de reconstruction) et ne s\u2019inscrivent pas dans le cadre dans travaux au taux r\u00e9duit ;<\/li>\n\n\n\n<li>Vos travaux augmentent la surface de plancher des locaux existant <strong>de plus de 10%<\/strong> ;<\/li>\n\n\n\n<li>Vos travaux rel\u00e8vent d\u2019une <strong>sur\u00e9l\u00e9vation des locaux<\/strong> (garage, ajout d\u2019un \u00e9tage\u2026) ainsi que les travaux cons\u00e9cutifs engendr\u00e9s par ces derniers (nouvelle toiture&#8230;) ;<\/li>\n\n\n\n<li>Vos travaux concernent la remise \u00e0 l\u2019\u00e9tat neuf de <strong>plus de la moiti\u00e9 du gros oeuvre<\/strong> (fondations, charpentes, mur porteurs, fa\u00e7ades hors ravalement) ou la remise \u00e0 l\u2019\u00e9tat neuf de <strong>plus des \u2154 des \u00e9l\u00e9ments de second oeuvre<\/strong> (planchers non porteurs, huisseries ext\u00e9rieures, cloisons, installation sanitaires, plomberie ainsi que les installations \u00e9lectriques et chauffage).<\/li>\n<\/ul>\n\n\n\n<h3 class=\"wp-block-heading\" id=\"h-tva-a-10-taux-intermediaire\">TVA \u00e0 10% (taux interm\u00e9diaire)<\/h3>\n\n\n\n<p>La <strong>TVA \u00e0 taux interm\u00e9diaire (10%)<\/strong> est le taux par d\u00e9faut \u00e0 appliquer \u00e0 tous les travaux d\u00eet <strong>d\u2019am\u00e9lioration<\/strong>. <\/p>\n\n\n\n<p>Que vos clients soient propri\u00e9taires ou locataires, ou que les travaux concernent la r\u00e9sidence principale ou secondaire, le taux de TVA interm\u00e9diaire \u00e0 10% s\u2019y applique. A savoir qu&rsquo;il peut \u00eatre appliqu\u00e9 sur <strong>la pose<\/strong> ou sur <strong>le mat\u00e9riel<\/strong> si ce dernier est <strong>fourni par l\u2019entreprise BTP ou l\u2019artisan<\/strong> r\u00e9alisant les travaux ou le chantier.<\/p>\n\n\n\n<p>Pour obtenir le taux de TVA interm\u00e9diaire vos travaux doivent porter sur des <strong>locaux \u00e0 usage d\u2019habitation<\/strong>.<\/p>\n\n\n\n<p>Si l\u2019ensemble des pi\u00e8ces de la maison individuelle ou immeuble collectif est \u00e0 usage d\u2019habitation, le taux r\u00e9duit s\u2019appliquera \u00e0 la<strong> totalit\u00e9 des travaux portant sur ces locaux<\/strong>, ainsi qu\u2019\u00e0 leurs <strong>d\u00e9pendances<\/strong> (de caract\u00e8re local ou terrain, situ\u00e9 \u00e0 proximit\u00e9 de l\u2019habitation sous certaines conditions: par exemple: caves, greniers, garages, loggias, terrasses, cours d\u2019immeubles ou de b\u00e2timents, \u2026).<\/p>\n\n\n\n<h4 class=\"wp-block-heading\" id=\"h-les-types-locaux-concernes-par-la-tva-a-10\">Les types locaux concern\u00e9s par la TVA \u00e0 10% <\/h4>\n\n\n\n<p>Voici les<strong> types de locaux<\/strong> \u00e0 usage d\u2019habitation concern\u00e9s:<\/p>\n\n\n\n<ul class=\"wp-block-list\">\n<li>Les b\u00e2timents et logements de type <strong>maisons<\/strong> <strong>individuelles<\/strong> ;<\/li>\n\n\n\n<li>Les logements au sein <strong>d\u2019immeubles collectifs<\/strong>. Ces derniers doivent comprendre un minimum de deux locaux, dont au moins un \u00e0 usage d\u2019habitation et dont les charges sont partag\u00e9es entre au moins deux personnes ayant chacune une personnalit\u00e9 juridique distincte ;<\/li>\n\n\n\n<li>Il peut concerner autant les <strong>parties privatives<\/strong> que les <strong>parties communes<\/strong> d\u2019un immeuble collectif sous des conditions d\u00e9finies ;<\/li>\n\n\n\n<li>Certains \u00e9tablissements affect\u00e9s \u00e0 titre principal ou accessoire \u00e0 <strong>l&rsquo;h\u00e9bergement collectif <\/strong>de personnes physiques. Ces locaux ob\u00e9issent \u00e0 leurs r\u00e8gles propres (cf. n\u00b0s 18 \u00e0 28 et 35 \u00e0 39) ;<\/li>\n\n\n\n<li>Les \u00e9tablissements <strong>d&rsquo;h\u00e9bergement<\/strong> et logements<strong> de fonction<\/strong> sous certaines conditions ;<\/li>\n\n\n\n<li>R\u00e9sidences <strong>universitaires<\/strong> ou \u00e9tudiantes et <strong>logements-foyers<\/strong> de jeunes travailleurs ;<\/li>\n\n\n\n<li><strong>Maisons de retraite<\/strong> et \u00e9tablissements assimil\u00e9s, <strong>\u00e9tablissements psychiatriques<\/strong> sous certaines conditions (par exemple, les travaux qui aff\u00e9rents aux parties communes \u00e0 ces structures et \u00e0 d&rsquo;autres structures non vis\u00e9es dans cette cat\u00e9gorie rel\u00e8vent du taux normal) ;<\/li>\n\n\n\n<li><strong>Foyers d&rsquo;h\u00e9bergement<\/strong> d&rsquo;enfants, adolescents ou adultes, <strong>handicap\u00e9s<\/strong> ou confront\u00e9s \u00e0 des <strong>probl\u00e8mes sociaux<\/strong>, y compris les orphelinats(maisons d&rsquo;accueil sp\u00e9cialis\u00e9es, maisons d&rsquo;enfants \u00e0 caract\u00e8re sanitaire, pouponni\u00e8res \u00e0 caract\u00e8re sanitaire ;<\/li>\n\n\n\n<li>Lieu d\u2019h\u00e9bergement \u00e0 caract\u00e8re m\u00e9dico-social tel que les maisons d&rsquo;enfants ou foyers de l&rsquo;aide sociale \u00e0 l&rsquo;enfance, centres d&rsquo;h\u00e9bergement et de r\u00e9adaptation sociale, foyers de vie pour adultes handicap\u00e9s. Ceci \u00e0 l\u2019exception des cr\u00e8ches ;<\/li>\n\n\n\n<li>Locaux d\u2019h\u00e9bergement g\u00e9r\u00e9s par un organisme \u00e0 but non lucratif.<\/li>\n<\/ul>\n\n\n\n<h4 class=\"wp-block-heading\" id=\"h-quelques-details-importants-a-retenir-sur-la-tva-batiment-intermediaire\">Quelques d\u00e9tails importants \u00e0 retenir sur la TVA b\u00e2timent interm\u00e9diaire :<\/h4>\n\n\n\n<p>Le taux de TVA interm\u00e9diaire <strong>ne peut PAS \u00eatre appliqu\u00e9 <\/strong>dans les cas suivants :<\/p>\n\n\n\n<ul class=\"wp-block-list\">\n<li>A des <strong>logements locatifs sociaux<\/strong> ;<\/li>\n\n\n\n<li>Aux <strong>h\u00f4pitaux<\/strong>, \u00e0 l\u2019exception des b\u00e2timents s\u00e9par\u00e9s ayant pour but d\u2019h\u00e9berger les familles d\u2019enfants hospitalis\u00e9s (\u201cmaison de parents\u201d) ;<\/li>\n\n\n\n<li>Tous les travaux portant sur des locaux d\u00e9di\u00e9s seulement \u00e0 une <strong>activit\u00e9 commerciale<\/strong>, <strong>professionnelle<\/strong>, <strong>industrielle<\/strong>, <strong>agricole<\/strong> ou <strong>administrative<\/strong> (bureaux, atelier, usine, magasin&#8230;) ;<\/li>\n\n\n\n<li>Les h\u00f4tels et h\u00e9bergements <strong>\u00e0 but lucratif<\/strong> (m\u00eame lorsque l\u2019assujetti b\u00e9n\u00e9ficie de la franchise en base bas\u00e9e sur son chiffre d\u2019affaire) ;<\/li>\n\n\n\n<li>Locaux g\u00e9r\u00e9s par un organisme sans but lucratif mais <strong>ne relevant pas du type d\u2019usage d\u2019habitation<\/strong>. <\/li>\n<\/ul>\n\n\n\n<h3 class=\"wp-block-heading\" id=\"h-tva-a-5-5-taux-reduit\">TVA \u00e0 5.5% (taux r\u00e9duit)<\/h3>\n\n\n\n<p>La <strong>TVA au taux r\u00e9duit de 5,5 %<\/strong> peut \u00eatre appliqu\u00e9e sur les travaux <strong>d\u2019am\u00e9lioration de qualit\u00e9 \u00e9nerg\u00e9tique<\/strong> portant sur des locaux \u00e0 usage d\u2019habitation termin\u00e9s depuis plus de 2 ans ainsi que sur les travaux indissociablement li\u00e9s.<\/p>\n\n\n\n<p>Pour que des travaux soient consid\u00e9r\u00e9s <strong>\u00ab\u00a0indissociablement li\u00e9s\u00a0\u00bb<\/strong>, ils doivent porter sur <strong>la m\u00eame pi\u00e8ce<\/strong> que les travaux d\u2019am\u00e9lioration \u00e9nerg\u00e9tique ou <strong>sur le b\u00e2ti<\/strong> directement associ\u00e9. Pour une liste compl\u00e8te, en fonction des type d\u2019installation, veuillez consulter le <a href=\"https:\/\/bofip.impots.gouv.fr\/bofip\/9417-PGP.html\/identifiant=BOI-TVA-LIQ-30-20-95-20140225\" target=\"_blank\" rel=\"noreferrer noopener\">paragraphe III de la loi en vigueur<\/a>.<\/p>\n\n\n\n<h4 class=\"wp-block-heading\" id=\"h-autres-points-a-connaitre-sur-la-tva-batiment-a-taux-reduit\">Autres points \u00e0 conna\u00eetre sur la TVA b\u00e2timent \u00e0 taux r\u00e9duit :<\/h4>\n\n\n\n<ul class=\"wp-block-list\">\n<li>Ces travaux doivent \u00eatre <strong>effectu\u00e9s par un professionnel reconnu<\/strong> et couvert par une assurance. <\/li>\n\n\n\n<li>Ils doivent \u00eatre factur\u00e9 \u00e0 un <strong>maximum de 3 mois <\/strong>apr\u00e8s les d\u00e9but de ces travaux (travaux indissociablement li\u00e9s compris).<\/li>\n\n\n\n<li>Le taux de TVA r\u00e9duit peut s\u2019appliquer <strong>\u00e0 la pose<\/strong> ainsi qu\u2019\u00e0 certains type de <strong>mat\u00e9riaux<\/strong> ou <strong>\u00e9quipements<\/strong>.<\/li>\n<\/ul>\n\n\n\n<h4 class=\"wp-block-heading\" id=\"h-liste-des-materiaux-equipements-ou-appareils-eligibles-au-taux-reduit-de-tva-5-5\">Liste des mat\u00e9riaux, \u00e9quipements ou appareils \u00e9ligibles au taux r\u00e9duit de TVA (5.5%)<\/h4>\n\n\n\n<p>Voici une liste de diff\u00e9rents exemples qui pourront vous aider \u00e0 d\u00e9terminer si vous \u00eates \u00e9ligible au taux r\u00e9duit.<\/p>\n\n\n\n<p>Sont ainsi soumis au taux r\u00e9duit de 5,5 % de la TVA, lorsqu&rsquo;ils sont fournis et factur\u00e9s par l&rsquo;entreprise prestataire dans le cadre de la prestation de travaux qu&rsquo;elle r\u00e9alise, <strong>les \u00e9quipements, mat\u00e9riaux ou appareils<\/strong> limitativement \u00e9num\u00e9r\u00e9s dans la liste fix\u00e9e au 1 de l&rsquo;<a rel=\"noreferrer noopener\" aria-label=\" (s\u2019ouvre dans un nouvel onglet)\" href=\"http:\/\/www.legifrance.gouv.fr\/affichCodeArticle.do?idArticle=LEGIARTI000028419516&amp;cidTexte=LEGITEXT000006069577&amp;dateTexte=20140101&amp;oldAction=rechCodeArticle\" target=\"_blank\">article 200 quater du CGI<\/a>, \u00e0 savoir :<\/p>\n\n\n\n<ul class=\"wp-block-list\">\n<li>Les chaudi\u00e8res \u00e0 condensation ;<\/li>\n\n\n\n<li>Les chaudi\u00e8res \u00e0 micro-cog\u00e9n\u00e9ration gaz d&rsquo;une puissance de production \u00e9lectrique inf\u00e9rieure ou \u00e9gale \u00e0 3 kilovolt-amp\u00e8res par logement ;<\/li>\n\n\n\n<li>Les mat\u00e9riaux d&rsquo;isolation thermique des parois opaques ou vitr\u00e9es, de volets isolants ou de portes d&rsquo;entr\u00e9e donnant sur l&rsquo;ext\u00e9rieur ;<\/li>\n\n\n\n<li>Les mat\u00e9riaux de calorifugeage de tout ou partie d&rsquo;une installation de production ou de distribution de chaleur ou d&rsquo;eau chaude sanitaire ;<\/li>\n\n\n\n<li>Les appareils de r\u00e9gulation de chauffage ;<\/li>\n\n\n\n<li>Les \u00e9quipements de production d&rsquo;\u00e9nergie utilisant une source d&rsquo;\u00e9nergie renouvelable, \u00e0 l\u2019exception des \u00e9quipements de production d\u2019\u00e9lectricit\u00e9 utilisant l\u2019\u00e9nergie radiative du soleil, ou des pompes \u00e0 chaleur, autres que air\/ air, dont la finalit\u00e9 essentielle est la production de chaleur ou d&rsquo;eau chaude sanitaire ;<\/li>\n\n\n\n<li>L&rsquo;\u00e9changeur de chaleur souterrain des pompes \u00e0 chaleur g\u00e9othermiques ;<\/li>\n\n\n\n<li>Les \u00e9quipements de raccordement \u00e0 un r\u00e9seau de chaleur. Le r\u00e9seau doit \u00eatre aliment\u00e9 majoritairement par des \u00e9nergies renouvelables ou par une installation de cog\u00e9n\u00e9ration.<\/li>\n<\/ul>\n\n\n\n<p>Veuillez notez que vos client peuvent<strong> rencontrer certaines limites face au cr\u00e9dit d&rsquo;imp\u00f4ts<\/strong> en fonction de leur situation et des diff\u00e9rents travaux pr\u00e9c\u00e9dents effectu\u00e9s. Veuillez les r\u00e9f\u00e9rer au <strong>site officiel des imp\u00f4ts<\/strong> et \u00e0 v\u00e9rifier la loi en vigueur avec les personnes appropri\u00e9es. <\/p>\n\n\n\n<p class=\"has-background\" style=\"background-color:#e5ecfa\"><em>A lire \u00e9galement : <a href=\"https:\/\/www.obat.fr\/blog\/tva-collectee-deductible\/\" target=\"_blank\" rel=\"noreferrer noopener\">TVA collect\u00e9e et d\u00e9ductible : d\u00e9finition et calcul<\/a><\/em><\/p>\n\n\n<div class=\"wp-block-image\">\n<figure class=\"aligncenter size-large\"><img loading=\"lazy\" decoding=\"async\" width=\"800\" height=\"533\" src=\"https:\/\/www.obat.fr\/blog\/wp-content\/uploads\/2021\/11\/tva-travaux-btp.jpg\" alt=\"TVA travaux du BTP\" class=\"wp-image-3691\"\/><\/figure>\n<\/div>\n\n\n<h2 class=\"wp-block-heading\" id=\"h-la-ventilation-de-tva-sur-un-chantier-a-differents-taux\">La ventilation de TVA sur un chantier \u00e0 diff\u00e9rents taux<\/h2>\n\n\n\n<p>Un m\u00eame chantier peut impliquer plusieurs prestations ayant chacune des taux de TVA diff\u00e9rents : c&rsquo;est assez fr\u00e9quent dans le cas d&rsquo;une r\u00e9novation globale. Le probl\u00e8me, c&rsquo;est que cela peut occasionner des erreurs lors de la facturation. <\/p>\n\n\n\n<p>Le principe de la ventilation de TVA dans le b\u00e2timent est simple : c&rsquo;est <strong>la nature de chaque prestation qui d\u00e9termine le taux<\/strong>, et non pas le chantier dans son ensemble. <\/p>\n\n\n\n<p>Par exemple, si vous r\u00e9novez une salle de bain (taux \u00e0 10 %) et installez en m\u00eame temps une pompe \u00e0 chaleur (taux \u00e0 5,5 %) dans une maison ancienne, vous devez <strong>faire appara\u00eetre les deux taux s\u00e9par\u00e9ment <\/strong>sur le devis et la facture. <\/p>\n\n\n\n<p>Sachez qu&rsquo;un <a href=\"https:\/\/www.obat.fr\/devis-factures\/\" target=\"_blank\" rel=\"noreferrer noopener\">logiciel de devis\/facture d\u00e9di\u00e9 au b\u00e2timent<\/a> appliquera automatiquement le bon taux de TVA sur vos ouvrages, \u00e9vitant ainsi les confusions et erreurs. <\/p>\n\n\n    <div class=\"bon-a-savoir\">\n        <div class=\"bon-a-savoir-wrapper\">\n            <div class=\"bon-a-savoir-header\">\n                <div class=\"bon-a-savoir-header-icon\">\n                    <svg xmlns=\"http:\/\/www.w3.org\/2000\/svg\" width=\"32\" height=\"32\" viewBox=\"0 0 32 32\" fill=\"none\">\n                        <path d=\"M0 16C0 7.16344 7.16344 0 16 0C24.8366 0 32 7.16344 32 16V32H16C7.16344 32 0 24.8366 0 16Z\" fill=\"#1591F0\" \/>\n                        <path d=\"M13.3359 15.3966C13.3359 14.9167 13.5266 14.4564 13.8659 14.1171C14.2053 13.7777 14.6655 13.5871 15.1455 13.5871H17.5582C18.0381 13.5871 18.4983 13.7777 18.8377 14.1171C19.177 14.4564 19.3677 14.9167 19.3677 15.3966V22.0315H19.9709C20.4508 22.0315 20.911 22.2222 21.2504 22.5615C21.5897 22.9009 21.7804 23.3611 21.7804 23.8411C21.7804 24.321 21.5897 24.7812 21.2504 25.1206C20.911 25.4599 20.4508 25.6506 19.9709 25.6506H15.1455C14.6655 25.6506 14.2053 25.4599 13.8659 25.1206C13.5266 24.7812 13.3359 24.321 13.3359 23.8411C13.3359 23.3611 13.5266 22.9009 13.8659 22.5615C14.2053 22.2222 14.6655 22.0315 15.1455 22.0315H15.7486V17.2061H15.1455C14.6655 17.2061 14.2053 17.0155 13.8659 16.6761C13.5266 16.3368 13.3359 15.8765 13.3359 15.3966ZM16.955 11.1744C16.3151 11.1744 15.7014 10.9202 15.249 10.4677C14.7965 10.0153 14.5423 9.40158 14.5423 8.7617C14.5423 8.12181 14.7965 7.50813 15.249 7.05566C15.7014 6.60319 16.3151 6.349 16.955 6.349C17.5949 6.349 18.2086 6.60319 18.661 7.05566C19.1135 7.50813 19.3677 8.12181 19.3677 8.7617C19.3677 9.40158 19.1135 10.0153 18.661 10.4677C18.2086 10.9202 17.5949 11.1744 16.955 11.1744Z\" fill=\"white\" \/>\n                    <\/svg>\n                <\/div>\n                <div class=\"bon-a-savoir-header-title\">Bon \u00e0 savoir<\/div>\n            <\/div>\n\n            <div class=\"bon-a-savoir-content\">\n                <p class=\"font-claude-response-body break-words whitespace-normal leading-[1.7]\">Attention : le taux r\u00e9duit s&rsquo;applique \u00e0 la fois sur <strong>la main-d&rsquo;\u0153uvre et sur les mat\u00e9riaux<\/strong>, \u00e0 condition que ces derniers soient fournis et factur\u00e9s par l&rsquo;entreprise r\u00e9alisant les travaux.<\/p>\n<p class=\"font-claude-response-body break-words whitespace-normal leading-[1.7]\">Si le client ach\u00e8te lui-m\u00eame ses mat\u00e9riaux et vous demande uniquement la pose, seule la prestation de pose peut b\u00e9n\u00e9ficier du taux r\u00e9duit : <strong>les mat\u00e9riaux qu&rsquo;il a achet\u00e9s restent soumis au taux normal de 20%<\/strong>.<\/p>\n            <\/div>\n        <\/div>\n    <\/div>\n\n\n\n<h2 class=\"wp-block-heading\" id=\"h-taux-de-tva-pour-les-micro-entrepreneurs-du-batiment\">Taux de TVA pour les micro-entrepreneurs du b\u00e2timent <\/h2>\n\n\n\n<p>Lorsqu\u2019une <strong>micro-entreprise<\/strong> (auto-entrepreneur) dans le b\u00e2timent r\u00e9dige une facture, celle-ci ne comportera pas de TVA tant qu\u2019elle ne d\u00e9passe pas le <strong>seuil de chiffre d\u2019affaire<\/strong> d\u00e9fini par l\u2019\u00e9tat. C&rsquo;est ce que l&rsquo;on appelle <strong>la franchise en base de TVA<\/strong>. <\/p>\n\n\n\n<p>Si la micro entreprise est en dessous du plafond de ce chiffre d\u2019affaire, et n\u2019a pas fait le choix de demander un num\u00e9ro de TVA (possible m\u00eame en micro-entreprise sur demande de l\u2019entrepreneur), elle devra <strong>indiquer la mention suivante sur ses factures<\/strong> : \u201cTVA non applicable, article 293 B du CGI\u201d.<\/p>\n\n\n\n<p>Les plafonds d\u00e9termin\u00e9s par l\u2019\u00e9tat font la diff\u00e9rence du chiffre d\u2019affaire engendr\u00e9 par les achats ventes ainsi que par les activit\u00e9s de services. Un micro-entrepreneur ou auto-entrepreneur devient redevable de la TVA <strong>s&rsquo;il d\u00e9passe les seuils de TVA suivants<\/strong> :<\/p>\n\n\n\n<ul class=\"wp-block-list\">\n<li><strong><strong>37&nbsp;500<\/strong> \u20ac <\/strong>pour les prestations de services (41 250 \u20ac en seuil major\u00e9) ;<\/li>\n\n\n\n<li><strong><strong>85&nbsp;000<\/strong><\/strong> <strong>\u20ac <\/strong>pour les prestations de ventes (93 500 \u20ac en seuil major\u00e9).<\/li>\n<\/ul>\n\n\n    <div class=\"bon-a-savoir\">\n        <div class=\"bon-a-savoir-wrapper\">\n            <div class=\"bon-a-savoir-header\">\n                <div class=\"bon-a-savoir-header-icon\">\n                    <svg xmlns=\"http:\/\/www.w3.org\/2000\/svg\" width=\"32\" height=\"32\" viewBox=\"0 0 32 32\" fill=\"none\">\n                        <path d=\"M0 16C0 7.16344 7.16344 0 16 0C24.8366 0 32 7.16344 32 16V32H16C7.16344 32 0 24.8366 0 16Z\" fill=\"#1591F0\" \/>\n                        <path d=\"M13.3359 15.3966C13.3359 14.9167 13.5266 14.4564 13.8659 14.1171C14.2053 13.7777 14.6655 13.5871 15.1455 13.5871H17.5582C18.0381 13.5871 18.4983 13.7777 18.8377 14.1171C19.177 14.4564 19.3677 14.9167 19.3677 15.3966V22.0315H19.9709C20.4508 22.0315 20.911 22.2222 21.2504 22.5615C21.5897 22.9009 21.7804 23.3611 21.7804 23.8411C21.7804 24.321 21.5897 24.7812 21.2504 25.1206C20.911 25.4599 20.4508 25.6506 19.9709 25.6506H15.1455C14.6655 25.6506 14.2053 25.4599 13.8659 25.1206C13.5266 24.7812 13.3359 24.321 13.3359 23.8411C13.3359 23.3611 13.5266 22.9009 13.8659 22.5615C14.2053 22.2222 14.6655 22.0315 15.1455 22.0315H15.7486V17.2061H15.1455C14.6655 17.2061 14.2053 17.0155 13.8659 16.6761C13.5266 16.3368 13.3359 15.8765 13.3359 15.3966ZM16.955 11.1744C16.3151 11.1744 15.7014 10.9202 15.249 10.4677C14.7965 10.0153 14.5423 9.40158 14.5423 8.7617C14.5423 8.12181 14.7965 7.50813 15.249 7.05566C15.7014 6.60319 16.3151 6.349 16.955 6.349C17.5949 6.349 18.2086 6.60319 18.661 7.05566C19.1135 7.50813 19.3677 8.12181 19.3677 8.7617C19.3677 9.40158 19.1135 10.0153 18.661 10.4677C18.2086 10.9202 17.5949 11.1744 16.955 11.1744Z\" fill=\"white\" \/>\n                    <\/svg>\n                <\/div>\n                <div class=\"bon-a-savoir-header-title\">Bon \u00e0 savoir<\/div>\n            <\/div>\n\n            <div class=\"bon-a-savoir-content\">\n                <p><!-- wp:paragraph --><\/p>\n<p>Les plafonds globaux, au-del\u00e0 desquels un micro-entrepreneur doit changer de statut et passer en soci\u00e9t\u00e9, sont limit\u00e9s \u00e0 :<\/p>\n<ul>\n<li><strong>83 600<\/strong> <strong>\u20ac <\/strong>de CA hors taxes pour les prestations de services ;<\/li>\n<\/ul>\n<p><!-- \/wp:list-item --> <!-- wp:list-item --><\/p>\n<ul>\n<li><strong>203 100\u20ac<\/strong> de CA hors taxes pour les prestations de ventes\/h\u00e9bergement.<\/li>\n<\/ul>\n<p>Pour plus d\u2019informations, veuillez vous r\u00e9f\u00e9rer <a href=\"https:\/\/entreprendre.service-public.fr\/vosdroits\/F32353\" target=\"_blank\" rel=\"noreferrer noopener\">aux informations sur les seuils en micro-entreprise sur le site de l\u2019Etat<\/a>.<\/p>\n<p><!-- \/wp:list-item --><\/p>\n            <\/div>\n        <\/div>\n    <\/div>\n\n\n\n<p class=\"has-background\" style=\"background-color:#e5ecfa\"><em>A lire \u00e9galement : <a href=\"https:\/\/www.obat.fr\/blog\/devenir-auto-entrepreneur-batiment\/\" target=\"_blank\" rel=\"noreferrer noopener\">Devenir auto-entrepreneur dans le b\u00e2timent en 2026<\/a><\/em><\/p>\n\n\n\n<h2 class=\"wp-block-heading\" id=\"h-taux-de-tva-pour-les-frais-de-deplacement-dans-le-btp\">Taux de TVA pour les frais de d\u00e9placement dans le BTP<\/h2>\n\n\n\n<p>Le taux de TVA normal de 20% est appliqu\u00e9 <strong>aux frais de d\u00e9placement<\/strong> lorsqu\u2019ils sont factur\u00e9 sans r\u00e9alisation de travaux.<\/p>\n\n\n\n<p>Si vous encourez des frais de d\u00e9placement factur\u00e9s \u00e0 vos clients au terme de travaux b\u00e9n\u00e9ficiant de TVA \u00e0 taux r\u00e9duite (10% ou 5,5%), et sont compris dans la m\u00eame facture,<strong> ils b\u00e9n\u00e9ficieront donc aussi du taux de TVA r\u00e9duit.<\/strong><\/p>\n\n\n\n<p class=\"has-background\" style=\"background-color:#e5ecfa\"><em>A lire \u00e9galement : <a href=\"https:\/\/www.obat.fr\/blog\/indemnites-transport-btp\/\" target=\"_blank\" rel=\"noreferrer noopener\">Tout comprendre sur les indemnit\u00e9s de transport et de trajet BTP en 2026<\/a><\/em><\/p>\n\n\n\n<h2 class=\"wp-block-heading\" id=\"h-taux-de-tva-applicable-dans-le-batiment-pour-les-dom-tom\">Taux de TVA applicable dans le b\u00e2timent pour les DOM-TOM<\/h2>\n\n\n\n<h3 class=\"wp-block-heading\" id=\"h-martinique-reunion-et-guadeloupe\">Martinique, R\u00e9union et Guadeloupe<\/h3>\n\n\n\n<p>Le taux de TVA applicable dans les d\u00e9partements de la <strong>Martinique<\/strong>, <strong>R\u00e9union<\/strong> et <strong>Guadeloupe<\/strong> est applicable dans les m\u00eame conditions qu\u2019en France m\u00e9tropolitaine. Cependant, on y applique des taux diff\u00e9rents :<\/p>\n\n\n\n<ul class=\"wp-block-list\">\n<li>Le taux normal y est de <strong>8,5%<\/strong> pour toutes op\u00e9rations ne b\u00e9n\u00e9ficiant pas de taux r\u00e9duit ou particulier.<\/li>\n\n\n\n<li>Le taux r\u00e9duit (appliqu\u00e9 \u00e0 5,5% et 10% en France m\u00e9tropolitaine) est en revanche de<strong> 2,1%<\/strong><\/li>\n<\/ul>\n\n\n\n<p>Vous pourrez retrouver plus d\u2019informations dans <a href=\"https:\/\/www.legifrance.gouv.fr\/codes\/article_lc\/LEGIARTI000028419532\" target=\"_blank\" rel=\"noreferrer noopener\">l&rsquo;article 296 du Code g\u00e9n\u00e9ral des imp\u00f4ts<\/a>.<\/p>\n\n\n\n<h3 class=\"wp-block-heading\" id=\"h-polynesie-francaise\">Polyn\u00e9sie fran\u00e7aise<\/h3>\n\n\n\n<p>La <strong>Polyn\u00e9sie fran\u00e7aise<\/strong> poss\u00e8de des dispositions fiscales diff\u00e9rentes. Elle est autonome du point de vue fiscal. Il y existe <strong>trois type de TVA<\/strong> : &nbsp;<\/p>\n\n\n\n<ul class=\"wp-block-list\">\n<li>Le <strong>taux r\u00e9duit de 5 %<\/strong> s\u2019applique notamment aux produits alimentaires, aux prestations de services relatives au transport de voyageurs, \u00e0 la fourniture d\u2019\u00e9lectricit\u00e9, \u00e0 l\u2019h\u00e9bergement dans les \u00e9tablissements h\u00f4teliers ;<\/li>\n\n\n\n<li>Le <strong>taux interm\u00e9diaire 13 %<\/strong> s\u2019applique \u00e0 toutes les prestations de services non soumises au taux r\u00e9duit ou non express\u00e9ment exon\u00e9r\u00e9es ;<\/li>\n\n\n\n<li>Le <strong>taux normal de 16 %<\/strong> s\u2019applique \u00e0 tous les produits, notamment import\u00e9s, \u00e0 l\u2019exception des produits soumis au taux r\u00e9duit ou express\u00e9ment exon\u00e9r\u00e9s.<\/li>\n<\/ul>\n\n\n\n<h3 class=\"wp-block-heading\" id=\"h-guyane-et-mayotte\">Guyane et Mayotte<\/h3>\n\n\n\n<p>Pour la <strong>Guyane<\/strong> et <strong>Mayotte<\/strong>, ces derniers ne comptent pas de TVA applicable. <\/p>\n\n\n\n<p>Dans le cas o\u00f9 un prestataire \u00e9tabli en Guyane ou \u00e0 Mayotte facturerait un particulier en Guyane ou \u00e0 Mayotte, <strong>il ne devra pas y ajouter de TVA<\/strong>.<\/p>\n\n\n\n<p>En revanche, si un prestataire, domicili\u00e9 en dehors de ces deux DOM, facture un particulier y r\u00e9sidant, le taux de TVA b\u00e2timent applicable sera celui en vigueur<strong> dans le lieu d\u2019\u00e9tablissement<\/strong> <strong>du<\/strong> <strong>prestataire<\/strong>.<\/p>\n\n\n\n<p>Vous trouverez des informations plus pr\u00e9cises ici sur les taux de <a href=\"https:\/\/www.impots.gouv.fr\/professionnel\/tva-sur-prestations-de-services-metropoledom\" target=\"_blank\" rel=\"noreferrer noopener\">TVA en prestations de services en m\u00e9tropole et DOM<\/a>.<\/p>\n\n\n\n<h3 class=\"wp-block-heading\" id=\"h-dans-les-collectivites-territoriales-et-tom\">Dans les collectivit\u00e9s territoriales et TOM<\/h3>\n\n\n\n<p>Les territoires ci-dessous y appliquent leur propre r\u00e9gime fiscal et la TVA n\u2019y sera pas applicable et suivra des r\u00e8gles \u00e0 l\u2019exemple cit\u00e9 au dessus pour la Guyane et Mayotte.<\/p>\n\n\n\n<ul class=\"wp-block-list\">\n<li>Saint-Pierre-et-Miquelon ;<\/li>\n\n\n\n<li>Wallis-et-Futuna ;<\/li>\n\n\n\n<li>Saint-Martin ;<\/li>\n\n\n\n<li>Saint-Barth\u00e9lemy (sauf en mati\u00e8re immobili\u00e8re) ;<\/li>\n\n\n\n<li>Nouvelle-Cal\u00e9donie.<\/li>\n<\/ul>\n\n\n\n<p>Pour les territoires ci-dessus, veuillez vous r\u00e9f\u00e9rer \u00e0 chacune de leurs autorit\u00e9s respectives.<\/p>\n\n\n\n<h2 class=\"wp-block-heading\" id=\"h-taux-de-tva-dans-les-pays-de-l-union-europeenne\">Taux de TVA dans les pays de l\u2019Union europ\u00e9enne<\/h2>\n\n\n\n<p>Si vous travaillez <strong>avec des entreprises \u00e9trang\u00e8res<\/strong>, voici une liste des taux de TVA en vigueur des pays de l\u2019Union europ\u00e9enne \u00e0 titre indicatif.<\/p>\n\n\n\n<figure class=\"wp-block-table is-style-stripes\"><table><tbody><tr><td><strong>Etats membres de l&rsquo;Union europ\u00e9enne<\/strong><\/td><td><strong>Taux normal<\/strong><\/td><\/tr><tr><td>Belgique<\/td><td>21,00%<\/td><\/tr><tr><td>Bulgarie<\/td><td>20,00%<\/td><\/tr><tr><td>R\u00e9publique tch\u00e8que<\/td><td>21,00%<\/td><\/tr><tr><td>Danemark<\/td><td>25,00%<\/td><\/tr><tr><td>Allemagne<\/td><td>19,00%<\/td><\/tr><tr><td>Estonie<\/td><td>20,00%<\/td><\/tr><tr><td>Gr\u00e8ce<\/td><td>23,00%<\/td><\/tr><tr><td>Espagne<\/td><td>21,00%<\/td><\/tr><tr><td>Croatie<\/td><td>25,00%<\/td><\/tr><tr><td>Irlande<\/td><td>23,00%<\/td><\/tr><tr><td>Italie<\/td><td>22,00%<\/td><\/tr><tr><td>Chypre<\/td><td>19,00%<\/td><\/tr><tr><td>Lettonie<\/td><td>21,00%<\/td><\/tr><tr><td>Lituanie<\/td><td>21,00%<\/td><\/tr><tr><td>Luxembourg<\/td><td>15,00%<\/td><\/tr><tr><td>Hongrie<\/td><td>27,00%<\/td><\/tr><tr><td>Pays Bas<\/td><td>21,00%<\/td><\/tr><tr><td>Autriche<\/td><td>20,00%<\/td><\/tr><tr><td>Pologne<\/td><td>23,00%<\/td><\/tr><tr><td>Portugal<\/td><td>23,00%<\/td><\/tr><tr><td>Roumanie<\/td><td>24,00%<\/td><\/tr><tr><td>Slov\u00e9nie<\/td><td>22,00%<\/td><\/tr><tr><td>R\u00e9publique slovaque<\/td><td>20,00%<\/td><\/tr><tr><td>Finlande<\/td><td>24,00%<\/td><\/tr><tr><td>Su\u00e8de<\/td><td>25,00%<\/td><\/tr><\/tbody><\/table><\/figure>\n\n\n\n<h2 class=\"wp-block-heading\" id=\"h-l-auto-liquidation-de-tva-en-cas-de-sous-traitance-entre-professionnels-du-btp\">L\u2019auto-liquidation de TVA en cas de sous-traitance entre professionnels du BTP<\/h2>\n\n\n\n<p>Dans le monde du B\u00e2timent et Travaux publics, il pourra vous arriver de sous traiter pour une autre entreprise ou d\u2019engager une entreprise pour certaines \u00e9tapes ou travaux de votre chantier.<\/p>\n\n\n\n<h3 class=\"wp-block-heading\" id=\"h-dans-le-cas-ou-vous-etes-le-sous-traitant\">Dans le cas o\u00f9 <strong>vous \u00eates le sous-traitant<\/strong><\/h3>\n\n\n\n<ul class=\"wp-block-list\">\n<li>Vous ne devrez donc pas ajouter de TVA sur votre facture. Cependant, vos factures devront comporter, en plus des <a href=\"https:\/\/www.service-public.fr\/professionnels-entreprises\/vosdroits\/F31808\">mentions habituelles<\/a>, la mention <em>Auto-liquidation<\/em> justifiant l&rsquo;absence de collecte de la taxe par le sous-traitant et faire appara\u00eetre clairement que la TVA est due par l\u2019entreprise requ\u00e9rant vos services ou prestations.<\/li>\n\n\n\n<li>D\u00e8s lors o\u00f9 vous sous-traitez vous pourrez toujours d\u00e9duire la TVA encourue sur vos propre d\u00e9penses.<\/li>\n\n\n\n<li>Lors de votre d\u00e9claration de TVA, le montant hors taxes de ces travaux devra \u00eatre justifi\u00e9 dans la rubrique \u201c Autre op\u00e9ration non imposable\u201d. <\/li>\n<\/ul>\n\n\n\n<h3 class=\"wp-block-heading\" id=\"h-dans-le-cas-ou-vous-etes-l-entreprise-ayant-recours-a-un-ou-des-sous-traitants\">Dans le cas o\u00f9 <strong>vous \u00eates l\u2019entreprise<\/strong> ayant recours \u00e0 un ou des sous traitants :<\/h3>\n\n\n\n<ul class=\"wp-block-list\">\n<li>Vous serez redevable de la TVA sur le montant total du projet<\/li>\n\n\n\n<li>Lors de votre d\u00e9claration de TVA, le montant hors taxes de ces travaux devra \u00eatre justifi\u00e9 dans la rubrique \u201c Autre op\u00e9ration imposables\u201d.<\/li>\n\n\n\n<li>Si l\u2019entreprise sous traitant que vous engagez a le statut de micro entrepreneur ou b\u00e9n\u00e9ficie de la franchise de base TVA (donc de l&rsquo;exon\u00e9ration de TVA), la TVA en autoliquidation ne s\u2019applique pas.<\/li>\n\n\n\n<li>En cas de paiement en direct de votre sous traitant, vous devrez vous baser sur le montant hors taxe de la prestation ou service.<\/li>\n<\/ul>\n\n\n\n<p><a href=\"https:\/\/www.service-public.fr\/professionnels-entreprises\/vosdroits\/F31983\" target=\"_blank\" rel=\"noreferrer noopener\" aria-label=\"Vous trouverez ici la la liste des travaux inclus et exclus (s\u2019ouvre dans un nouvel onglet)\">Vous trouverez ici la la liste des travaux inclus et exclus<\/a> ainsi que les conditions plus d\u00e9taill\u00e9es de la TVA en autoliquidation pour le b\u00e2timent: <\/p>\n\n\n    <div class=\"bon-a-savoir\">\n        <div class=\"bon-a-savoir-wrapper\">\n            <div class=\"bon-a-savoir-header\">\n                <div class=\"bon-a-savoir-header-icon\">\n                    <svg xmlns=\"http:\/\/www.w3.org\/2000\/svg\" width=\"32\" height=\"32\" viewBox=\"0 0 32 32\" fill=\"none\">\n                        <path d=\"M0 16C0 7.16344 7.16344 0 16 0C24.8366 0 32 7.16344 32 16V32H16C7.16344 32 0 24.8366 0 16Z\" fill=\"#1591F0\" \/>\n                        <path d=\"M13.3359 15.3966C13.3359 14.9167 13.5266 14.4564 13.8659 14.1171C14.2053 13.7777 14.6655 13.5871 15.1455 13.5871H17.5582C18.0381 13.5871 18.4983 13.7777 18.8377 14.1171C19.177 14.4564 19.3677 14.9167 19.3677 15.3966V22.0315H19.9709C20.4508 22.0315 20.911 22.2222 21.2504 22.5615C21.5897 22.9009 21.7804 23.3611 21.7804 23.8411C21.7804 24.321 21.5897 24.7812 21.2504 25.1206C20.911 25.4599 20.4508 25.6506 19.9709 25.6506H15.1455C14.6655 25.6506 14.2053 25.4599 13.8659 25.1206C13.5266 24.7812 13.3359 24.321 13.3359 23.8411C13.3359 23.3611 13.5266 22.9009 13.8659 22.5615C14.2053 22.2222 14.6655 22.0315 15.1455 22.0315H15.7486V17.2061H15.1455C14.6655 17.2061 14.2053 17.0155 13.8659 16.6761C13.5266 16.3368 13.3359 15.8765 13.3359 15.3966ZM16.955 11.1744C16.3151 11.1744 15.7014 10.9202 15.249 10.4677C14.7965 10.0153 14.5423 9.40158 14.5423 8.7617C14.5423 8.12181 14.7965 7.50813 15.249 7.05566C15.7014 6.60319 16.3151 6.349 16.955 6.349C17.5949 6.349 18.2086 6.60319 18.661 7.05566C19.1135 7.50813 19.3677 8.12181 19.3677 8.7617C19.3677 9.40158 19.1135 10.0153 18.661 10.4677C18.2086 10.9202 17.5949 11.1744 16.955 11.1744Z\" fill=\"white\" \/>\n                    <\/svg>\n                <\/div>\n                <div class=\"bon-a-savoir-header-title\">Bon \u00e0 savoir<\/div>\n            <\/div>\n\n            <div class=\"bon-a-savoir-content\">\n                <p><strong>Attention<\/strong> : si vous omettez de remplir la TVA en autoliquidation, vous pourrez \u00eatre sanctionn\u00e9 par une amende de 5% de la somme d\u00e9ductible en plus des frais encourus.<\/p>\n            <\/div>\n        <\/div>\n    <\/div>\n\n\n\n<p class=\"has-background\" style=\"background-color:#e5ecfa\"><em>A lire \u00e9galement : <a href=\"https:\/\/www.obat.fr\/blog\/autoliquidation-sous-traitance\/\" target=\"_blank\" rel=\"noreferrer noopener\">L\u2019autoliquidation de TVA en sous-traitance BTP : comment \u00e7a marche ?<\/a><\/em><\/p>\n\n\n\n<h2 class=\"wp-block-heading\" id=\"h-suppression-des-attestations-de-tva-que-faire-a-la-place\">Suppression des attestations de TVA : que faire \u00e0 la place ?<\/h2>\n\n\n\n<p>Avant f\u00e9vrier 2025, les professionnels du b\u00e2timent devaient remplir une <strong>attestation de TVA simplifi\u00e9e<\/strong> pour b\u00e9n\u00e9ficier des taux r\u00e9duits pour les travaux de r\u00e9novations. Depuis le 16 f\u00e9vrier 2025, et sur d\u00e9cision de la loi de finances, cela n&rsquo;est plus obligatoire. <\/p>\n\n\n\n<p>A la place, une simple mention sur la facture ou sur le devis attestant que le logement remplit bien les conditions est d\u00e9sormais suffisant. Vous pouvez par exemple \u00e9crire : <\/p>\n\n\n\n<ul class=\"wp-block-list\">\n<li><em>\u00ab\u00a0TVA au taux interm\u00e9diaire de 10 % applicable conform\u00e9ment \u00e0 l&rsquo;article 279-0 bis du CGI. Le logement est affect\u00e9 \u00e0 usage d&rsquo;habitation et a \u00e9t\u00e9 achev\u00e9 depuis plus de 2 ans. Les travaux constituent des travaux d&rsquo;am\u00e9lioration, de transformation ou d&rsquo;entretien ne relevant pas d&rsquo;une r\u00e9novation \u00e9nerg\u00e9tique.\u00a0\u00bb<\/em><\/li>\n\n\n\n<li><em>\u00ab\u00a0TVA au taux r\u00e9duit de 5,5 % applicable conform\u00e9ment \u00e0 l&rsquo;article 278-0 bis A du CGI. Le logement est affect\u00e9 \u00e0 usage d&rsquo;habitation et a \u00e9t\u00e9 achev\u00e9 depuis plus de 2 ans. Les travaux portent sur l&rsquo;am\u00e9lioration de la performance \u00e9nerg\u00e9tique et les \u00e9quipements install\u00e9s respectent les crit\u00e8res de performance minimaux fix\u00e9s par l&rsquo;arr\u00eat\u00e9 du 1er janvier 2025.\u00a0\u00bb<\/em><\/li>\n<\/ul>\n\n\n\n<p class=\"has-background\" style=\"background-color:#e5ecfa\"><em>A lire \u00e9galement : <a href=\"https:\/\/www.obat.fr\/blog\/attestation-tva-2\/\" target=\"_blank\" rel=\"noreferrer noopener\">Attestation de TVA r\u00e9duite : fin de l\u2019obligation en 2025<\/a><\/em><\/p>\n\n\n    <div class=\"conclusion-section\">\n        <div class=\"conclusion-wrapper\">\n            <div class=\"conclusion-header\">\n                <div class=\"conclusion-icon\">\n                    <img decoding=\"async\" src=\"https:\/\/www.obat.fr\/blog\/wp-content\/themes\/obat-v4\/assets\/icons\/conclusion-icon.svg\" alt=\"Conclusion Icon\">\n                <\/div>\n                <div class=\"conclusion-title\">Conclusion<\/div>\n            <\/div>\n            <div class=\"conclusion-content\"> <p>Vous savez maintenant tout ce qu&rsquo;il faut savoir sur les taux de TVA dans le b\u00e2timent. En tant qu&rsquo;artisan du b\u00e2timent, il est indispensable de ma\u00eetriser ce sujet pour chiffrer correctement vos devis et respecter vos obligations en mati\u00e8re de taxe sur la valeur ajout\u00e9e.<\/p>\n <\/div>\n        <\/div>\n    <\/div>\n\n\n<div class=\"kk-star-ratings kksr-auto kksr-align-left kksr-valign-bottom\"\n    data-payload='{&quot;align&quot;:&quot;left&quot;,&quot;id&quot;:&quot;439&quot;,&quot;slug&quot;:&quot;default&quot;,&quot;valign&quot;:&quot;bottom&quot;,&quot;ignore&quot;:&quot;&quot;,&quot;reference&quot;:&quot;auto&quot;,&quot;class&quot;:&quot;&quot;,&quot;count&quot;:&quot;14&quot;,&quot;legendonly&quot;:&quot;&quot;,&quot;readonly&quot;:&quot;&quot;,&quot;score&quot;:&quot;4.9&quot;,&quot;starsonly&quot;:&quot;&quot;,&quot;best&quot;:&quot;5&quot;,&quot;gap&quot;:&quot;5&quot;,&quot;greet&quot;:&quot;Notez cet article&quot;,&quot;legend&quot;:&quot;4.9\\\/5 - (14 votes)&quot;,&quot;size&quot;:&quot;16&quot;,&quot;title&quot;:&quot;TVA B\u00e2timent : quel taux appliquer pour les travaux en [year] ?&quot;,&quot;width&quot;:&quot;100.4&quot;,&quot;_legend&quot;:&quot;{score}\\\/{best} - ({count} {votes})&quot;,&quot;font_factor&quot;:&quot;1.25&quot;}'>\n            \n<div class=\"kksr-stars\">\n    \n<div class=\"kksr-stars-inactive\">\n            <div class=\"kksr-star\" data-star=\"1\" style=\"padding-right: 5px\">\n            \n\n<div class=\"kksr-icon\" style=\"width: 16px; height: 16px;\"><\/div>\n        <\/div>\n            <div class=\"kksr-star\" data-star=\"2\" style=\"padding-right: 5px\">\n            \n\n<div class=\"kksr-icon\" style=\"width: 16px; height: 16px;\"><\/div>\n        <\/div>\n            <div class=\"kksr-star\" data-star=\"3\" style=\"padding-right: 5px\">\n            \n\n<div class=\"kksr-icon\" style=\"width: 16px; height: 16px;\"><\/div>\n        <\/div>\n            <div class=\"kksr-star\" data-star=\"4\" style=\"padding-right: 5px\">\n            \n\n<div class=\"kksr-icon\" style=\"width: 16px; height: 16px;\"><\/div>\n        <\/div>\n            <div class=\"kksr-star\" data-star=\"5\" style=\"padding-right: 5px\">\n            \n\n<div class=\"kksr-icon\" style=\"width: 16px; height: 16px;\"><\/div>\n        <\/div>\n    <\/div>\n    \n<div class=\"kksr-stars-active\" style=\"width: 100.4px;\">\n            <div class=\"kksr-star\" style=\"padding-right: 5px\">\n            \n\n<div class=\"kksr-icon\" style=\"width: 16px; height: 16px;\"><\/div>\n        <\/div>\n            <div class=\"kksr-star\" style=\"padding-right: 5px\">\n            \n\n<div class=\"kksr-icon\" style=\"width: 16px; height: 16px;\"><\/div>\n        <\/div>\n            <div class=\"kksr-star\" style=\"padding-right: 5px\">\n            \n\n<div class=\"kksr-icon\" style=\"width: 16px; height: 16px;\"><\/div>\n        <\/div>\n            <div class=\"kksr-star\" style=\"padding-right: 5px\">\n            \n\n<div class=\"kksr-icon\" style=\"width: 16px; height: 16px;\"><\/div>\n        <\/div>\n            <div class=\"kksr-star\" style=\"padding-right: 5px\">\n            \n\n<div class=\"kksr-icon\" style=\"width: 16px; height: 16px;\"><\/div>\n        <\/div>\n    <\/div>\n<\/div>\n                \n\n<div class=\"kksr-legend\" style=\"font-size: 12.8px;\">\n            4.9\/5 - (14 votes)    <\/div>\n    <\/div>\n","protected":false},"excerpt":{"rendered":"<p>Il est parfois difficile pour les artisans et les TPE\/PME dans le secteur du b\u00e2timent de s\u2019y retrouver parmi les diff\u00e9rents taux de TVA, soit Taxe sur la Valeur Ajout\u00e9e. De fa\u00e7on \u00e0 pr\u00e9senter des devis et factures corrects \u00e0 vos clients, il convient de ma\u00eetriser les taux de TVA en vigueur dans le secteur [&hellip;]<\/p>\n","protected":false},"author":3,"featured_media":646,"comment_status":"closed","ping_status":"closed","sticky":false,"template":"","format":"standard","meta":{"_acf_changed":false,"footnotes":""},"categories":[3,18],"tags":[],"class_list":["post-439","post","type-post","status-publish","format-standard","has-post-thumbnail","hentry","category-gestion-entreprise","category-reglementation"],"acf":{"adam_posts_cta_bloc":{"adam_cb_image":"","adam_cb_titre":"Trouvez des chantiers en sous traitance pr\u00e8s de chez vous.","adam_cb_cta":""},"hide_the_universal_cta":false},"yoast_head":"<!-- This site is optimized with the Yoast SEO Premium plugin v27.2 (Yoast SEO v27.3) - https:\/\/yoast.com\/product\/yoast-seo-premium-wordpress\/ -->\n<title>TVA B\u00e2timent : quel taux appliquer pour les travaux en 2026 ? ?<\/title>\n<meta name=\"description\" content=\"Guide complet aidant les artisans, TPE\/PME dans le secteur du b\u00e2timent \u00e0 s\u2019y retrouver parmi les diff\u00e9rents taux de TVA en vigeur.\" \/>\n<meta name=\"robots\" content=\"index, follow, max-snippet:-1, max-image-preview:large, max-video-preview:-1\" \/>\n<link rel=\"canonical\" href=\"https:\/\/www.obat.fr\/blog\/tva-batiment\/\" \/>\n<meta property=\"og:locale\" content=\"fr_FR\" \/>\n<meta property=\"og:type\" content=\"article\" \/>\n<meta property=\"og:title\" content=\"TVA B\u00e2timent : quel taux appliquer pour les travaux en 2026 ?\" \/>\n<meta property=\"og:description\" content=\"Guide complet aidant les artisans, TPE\/PME dans le secteur du b\u00e2timent \u00e0 s\u2019y retrouver parmi les diff\u00e9rents taux de TVA en vigeur.\" \/>\n<meta property=\"og:url\" content=\"https:\/\/www.obat.fr\/blog\/tva-batiment\/\" \/>\n<meta property=\"og:site_name\" content=\"Blog Obat\" \/>\n<meta property=\"article:published_time\" content=\"2021-11-03T08:06:00+00:00\" \/>\n<meta property=\"article:modified_time\" content=\"2026-04-23T09:38:16+00:00\" \/>\n<meta property=\"og:image\" content=\"https:\/\/www.obat.fr\/blog\/wp-content\/uploads\/2019\/03\/article_tva-2.jpg\" \/>\n\t<meta property=\"og:image:width\" content=\"730\" \/>\n\t<meta property=\"og:image:height\" content=\"365\" \/>\n\t<meta property=\"og:image:type\" content=\"image\/jpeg\" \/>\n<meta name=\"author\" content=\"Franck Asseray\" \/>\n<meta name=\"twitter:card\" content=\"summary_large_image\" \/>\n<meta name=\"twitter:label1\" content=\"\u00c9crit par\" \/>\n\t<meta name=\"twitter:data1\" content=\"Franck Asseray\" \/>\n\t<meta name=\"twitter:label2\" content=\"Dur\u00e9e de lecture estim\u00e9e\" \/>\n\t<meta name=\"twitter:data2\" content=\"16 minutes\" \/>\n<script type=\"application\/ld+json\" class=\"yoast-schema-graph\">{\"@context\":\"https:\\\/\\\/schema.org\",\"@graph\":[{\"@type\":\"Article\",\"@id\":\"https:\\\/\\\/www.obat.fr\\\/blog\\\/tva-batiment\\\/#article\",\"isPartOf\":{\"@id\":\"https:\\\/\\\/www.obat.fr\\\/blog\\\/tva-batiment\\\/\"},\"author\":{\"name\":\"Franck Asseray\",\"@id\":\"https:\\\/\\\/www.obat.fr\\\/blog\\\/#\\\/schema\\\/person\\\/cebd5a48d791bea7d6cd70db161fcb7c\"},\"headline\":\"TVA B\u00e2timent : quel taux appliquer pour les travaux en 2026 ?\",\"datePublished\":\"2021-11-03T08:06:00+00:00\",\"dateModified\":\"2026-04-23T09:38:16+00:00\",\"mainEntityOfPage\":{\"@id\":\"https:\\\/\\\/www.obat.fr\\\/blog\\\/tva-batiment\\\/\"},\"wordCount\":3287,\"image\":{\"@id\":\"https:\\\/\\\/www.obat.fr\\\/blog\\\/tva-batiment\\\/#primaryimage\"},\"thumbnailUrl\":\"https:\\\/\\\/www.obat.fr\\\/blog\\\/wp-content\\\/uploads\\\/2019\\\/03\\\/article_tva-2.jpg\",\"articleSection\":[\"Gestion d'entreprise\",\"R\u00e9glementation\"],\"inLanguage\":\"fr-FR\"},{\"@type\":\"WebPage\",\"@id\":\"https:\\\/\\\/www.obat.fr\\\/blog\\\/tva-batiment\\\/\",\"url\":\"https:\\\/\\\/www.obat.fr\\\/blog\\\/tva-batiment\\\/\",\"name\":\"TVA B\u00e2timent : quel taux appliquer pour les travaux en 2026 ? ?\",\"isPartOf\":{\"@id\":\"https:\\\/\\\/www.obat.fr\\\/blog\\\/#website\"},\"primaryImageOfPage\":{\"@id\":\"https:\\\/\\\/www.obat.fr\\\/blog\\\/tva-batiment\\\/#primaryimage\"},\"image\":{\"@id\":\"https:\\\/\\\/www.obat.fr\\\/blog\\\/tva-batiment\\\/#primaryimage\"},\"thumbnailUrl\":\"https:\\\/\\\/www.obat.fr\\\/blog\\\/wp-content\\\/uploads\\\/2019\\\/03\\\/article_tva-2.jpg\",\"datePublished\":\"2021-11-03T08:06:00+00:00\",\"dateModified\":\"2026-04-23T09:38:16+00:00\",\"author\":{\"@id\":\"https:\\\/\\\/www.obat.fr\\\/blog\\\/#\\\/schema\\\/person\\\/cebd5a48d791bea7d6cd70db161fcb7c\"},\"description\":\"Guide complet aidant les artisans, TPE\\\/PME dans le secteur du b\u00e2timent \u00e0 s\u2019y retrouver parmi les diff\u00e9rents taux de TVA en vigeur.\",\"breadcrumb\":{\"@id\":\"https:\\\/\\\/www.obat.fr\\\/blog\\\/tva-batiment\\\/#breadcrumb\"},\"inLanguage\":\"fr-FR\",\"potentialAction\":[{\"@type\":\"ReadAction\",\"target\":[\"https:\\\/\\\/www.obat.fr\\\/blog\\\/tva-batiment\\\/\"]}]},{\"@type\":\"ImageObject\",\"inLanguage\":\"fr-FR\",\"@id\":\"https:\\\/\\\/www.obat.fr\\\/blog\\\/tva-batiment\\\/#primaryimage\",\"url\":\"https:\\\/\\\/www.obat.fr\\\/blog\\\/wp-content\\\/uploads\\\/2019\\\/03\\\/article_tva-2.jpg\",\"contentUrl\":\"https:\\\/\\\/www.obat.fr\\\/blog\\\/wp-content\\\/uploads\\\/2019\\\/03\\\/article_tva-2.jpg\",\"width\":730,\"height\":365,\"caption\":\"TVA b\u00e2timent\"},{\"@type\":\"BreadcrumbList\",\"@id\":\"https:\\\/\\\/www.obat.fr\\\/blog\\\/tva-batiment\\\/#breadcrumb\",\"itemListElement\":[{\"@type\":\"ListItem\",\"position\":1,\"name\":\"Accueil\",\"item\":\"https:\\\/\\\/www.obat.fr\\\/blog\\\/\"},{\"@type\":\"ListItem\",\"position\":2,\"name\":\"Gestion d'entreprise\",\"item\":\"https:\\\/\\\/www.obat.fr\\\/blog\\\/gestion-entreprise\\\/\"},{\"@type\":\"ListItem\",\"position\":3,\"name\":\"TVA B\u00e2timent : quel taux appliquer pour les travaux en 2026 ?\"}]},{\"@type\":\"WebSite\",\"@id\":\"https:\\\/\\\/www.obat.fr\\\/blog\\\/#website\",\"url\":\"https:\\\/\\\/www.obat.fr\\\/blog\\\/\",\"name\":\"Blog Obat\",\"description\":\"Blog Obat\",\"potentialAction\":[{\"@type\":\"SearchAction\",\"target\":{\"@type\":\"EntryPoint\",\"urlTemplate\":\"https:\\\/\\\/www.obat.fr\\\/blog\\\/?s={search_term_string}\"},\"query-input\":{\"@type\":\"PropertyValueSpecification\",\"valueRequired\":true,\"valueName\":\"search_term_string\"}}],\"inLanguage\":\"fr-FR\"},{\"@type\":\"Person\",\"@id\":\"https:\\\/\\\/www.obat.fr\\\/blog\\\/#\\\/schema\\\/person\\\/cebd5a48d791bea7d6cd70db161fcb7c\",\"name\":\"Franck Asseray\",\"image\":{\"@type\":\"ImageObject\",\"inLanguage\":\"fr-FR\",\"@id\":\"https:\\\/\\\/secure.gravatar.com\\\/avatar\\\/1d5d13929d14738069dfb24fc14a2b02fb89d848e3f1016f57830c4e2c53ebae?s=96&d=blank&r=g\",\"url\":\"https:\\\/\\\/secure.gravatar.com\\\/avatar\\\/1d5d13929d14738069dfb24fc14a2b02fb89d848e3f1016f57830c4e2c53ebae?s=96&d=blank&r=g\",\"contentUrl\":\"https:\\\/\\\/secure.gravatar.com\\\/avatar\\\/1d5d13929d14738069dfb24fc14a2b02fb89d848e3f1016f57830c4e2c53ebae?s=96&d=blank&r=g\",\"caption\":\"Franck Asseray\"},\"description\":\"Co-fondateur d\u2019Obat et directeur commercial au sein de l\u2019entreprise, ma solide exp\u00e9rience en business d\u00e9veloppement et en relation client m\u2019a aid\u00e9 \u00e0 acqu\u00e9rir une compr\u00e9hension approfondie des d\u00e9fis auxquels sont confront\u00e9s nos utilisateurs, nous permettant ainsi de leur proposer des solutions sur-mesure.\",\"sameAs\":[\"https:\\\/\\\/fr.linkedin.com\\\/in\\\/franck-asseray-157608113\"],\"url\":\"https:\\\/\\\/www.obat.fr\\\/blog\\\/author\\\/franck\\\/\"}]}<\/script>\n<!-- \/ Yoast SEO Premium plugin. -->","yoast_head_json":{"title":"TVA B\u00e2timent : quel taux appliquer pour les travaux en 2026 ? ?","description":"Guide complet aidant les artisans, TPE\/PME dans le secteur du b\u00e2timent \u00e0 s\u2019y retrouver parmi les diff\u00e9rents taux de TVA en vigeur.","robots":{"index":"index","follow":"follow","max-snippet":"max-snippet:-1","max-image-preview":"max-image-preview:large","max-video-preview":"max-video-preview:-1"},"canonical":"https:\/\/www.obat.fr\/blog\/tva-batiment\/","og_locale":"fr_FR","og_type":"article","og_title":"TVA B\u00e2timent : quel taux appliquer pour les travaux en 2026 ?","og_description":"Guide complet aidant les artisans, TPE\/PME dans le secteur du b\u00e2timent \u00e0 s\u2019y retrouver parmi les diff\u00e9rents taux de TVA en vigeur.","og_url":"https:\/\/www.obat.fr\/blog\/tva-batiment\/","og_site_name":"Blog Obat","article_published_time":"2021-11-03T08:06:00+00:00","article_modified_time":"2026-04-23T09:38:16+00:00","og_image":[{"width":730,"height":365,"url":"https:\/\/www.obat.fr\/blog\/wp-content\/uploads\/2019\/03\/article_tva-2.jpg","type":"image\/jpeg"}],"author":"Franck Asseray","twitter_card":"summary_large_image","twitter_misc":{"\u00c9crit par":"Franck Asseray","Dur\u00e9e de lecture estim\u00e9e":"16 minutes"},"schema":{"@context":"https:\/\/schema.org","@graph":[{"@type":"Article","@id":"https:\/\/www.obat.fr\/blog\/tva-batiment\/#article","isPartOf":{"@id":"https:\/\/www.obat.fr\/blog\/tva-batiment\/"},"author":{"name":"Franck Asseray","@id":"https:\/\/www.obat.fr\/blog\/#\/schema\/person\/cebd5a48d791bea7d6cd70db161fcb7c"},"headline":"TVA B\u00e2timent : quel taux appliquer pour les travaux en 2026 ?","datePublished":"2021-11-03T08:06:00+00:00","dateModified":"2026-04-23T09:38:16+00:00","mainEntityOfPage":{"@id":"https:\/\/www.obat.fr\/blog\/tva-batiment\/"},"wordCount":3287,"image":{"@id":"https:\/\/www.obat.fr\/blog\/tva-batiment\/#primaryimage"},"thumbnailUrl":"https:\/\/www.obat.fr\/blog\/wp-content\/uploads\/2019\/03\/article_tva-2.jpg","articleSection":["Gestion d'entreprise","R\u00e9glementation"],"inLanguage":"fr-FR"},{"@type":"WebPage","@id":"https:\/\/www.obat.fr\/blog\/tva-batiment\/","url":"https:\/\/www.obat.fr\/blog\/tva-batiment\/","name":"TVA B\u00e2timent : quel taux appliquer pour les travaux en 2026 ? ?","isPartOf":{"@id":"https:\/\/www.obat.fr\/blog\/#website"},"primaryImageOfPage":{"@id":"https:\/\/www.obat.fr\/blog\/tva-batiment\/#primaryimage"},"image":{"@id":"https:\/\/www.obat.fr\/blog\/tva-batiment\/#primaryimage"},"thumbnailUrl":"https:\/\/www.obat.fr\/blog\/wp-content\/uploads\/2019\/03\/article_tva-2.jpg","datePublished":"2021-11-03T08:06:00+00:00","dateModified":"2026-04-23T09:38:16+00:00","author":{"@id":"https:\/\/www.obat.fr\/blog\/#\/schema\/person\/cebd5a48d791bea7d6cd70db161fcb7c"},"description":"Guide complet aidant les artisans, TPE\/PME dans le secteur du b\u00e2timent \u00e0 s\u2019y retrouver parmi les diff\u00e9rents taux de TVA en vigeur.","breadcrumb":{"@id":"https:\/\/www.obat.fr\/blog\/tva-batiment\/#breadcrumb"},"inLanguage":"fr-FR","potentialAction":[{"@type":"ReadAction","target":["https:\/\/www.obat.fr\/blog\/tva-batiment\/"]}]},{"@type":"ImageObject","inLanguage":"fr-FR","@id":"https:\/\/www.obat.fr\/blog\/tva-batiment\/#primaryimage","url":"https:\/\/www.obat.fr\/blog\/wp-content\/uploads\/2019\/03\/article_tva-2.jpg","contentUrl":"https:\/\/www.obat.fr\/blog\/wp-content\/uploads\/2019\/03\/article_tva-2.jpg","width":730,"height":365,"caption":"TVA b\u00e2timent"},{"@type":"BreadcrumbList","@id":"https:\/\/www.obat.fr\/blog\/tva-batiment\/#breadcrumb","itemListElement":[{"@type":"ListItem","position":1,"name":"Accueil","item":"https:\/\/www.obat.fr\/blog\/"},{"@type":"ListItem","position":2,"name":"Gestion d'entreprise","item":"https:\/\/www.obat.fr\/blog\/gestion-entreprise\/"},{"@type":"ListItem","position":3,"name":"TVA B\u00e2timent : quel taux appliquer pour les travaux en 2026 ?"}]},{"@type":"WebSite","@id":"https:\/\/www.obat.fr\/blog\/#website","url":"https:\/\/www.obat.fr\/blog\/","name":"Blog Obat","description":"Blog Obat","potentialAction":[{"@type":"SearchAction","target":{"@type":"EntryPoint","urlTemplate":"https:\/\/www.obat.fr\/blog\/?s={search_term_string}"},"query-input":{"@type":"PropertyValueSpecification","valueRequired":true,"valueName":"search_term_string"}}],"inLanguage":"fr-FR"},{"@type":"Person","@id":"https:\/\/www.obat.fr\/blog\/#\/schema\/person\/cebd5a48d791bea7d6cd70db161fcb7c","name":"Franck Asseray","image":{"@type":"ImageObject","inLanguage":"fr-FR","@id":"https:\/\/secure.gravatar.com\/avatar\/1d5d13929d14738069dfb24fc14a2b02fb89d848e3f1016f57830c4e2c53ebae?s=96&d=blank&r=g","url":"https:\/\/secure.gravatar.com\/avatar\/1d5d13929d14738069dfb24fc14a2b02fb89d848e3f1016f57830c4e2c53ebae?s=96&d=blank&r=g","contentUrl":"https:\/\/secure.gravatar.com\/avatar\/1d5d13929d14738069dfb24fc14a2b02fb89d848e3f1016f57830c4e2c53ebae?s=96&d=blank&r=g","caption":"Franck Asseray"},"description":"Co-fondateur d\u2019Obat et directeur commercial au sein de l\u2019entreprise, ma solide exp\u00e9rience en business d\u00e9veloppement et en relation client m\u2019a aid\u00e9 \u00e0 acqu\u00e9rir une compr\u00e9hension approfondie des d\u00e9fis auxquels sont confront\u00e9s nos utilisateurs, nous permettant ainsi de leur proposer des solutions sur-mesure.","sameAs":["https:\/\/fr.linkedin.com\/in\/franck-asseray-157608113"],"url":"https:\/\/www.obat.fr\/blog\/author\/franck\/"}]}},"_links":{"self":[{"href":"https:\/\/www.obat.fr\/blog\/wp-json\/wp\/v2\/posts\/439","targetHints":{"allow":["GET"]}}],"collection":[{"href":"https:\/\/www.obat.fr\/blog\/wp-json\/wp\/v2\/posts"}],"about":[{"href":"https:\/\/www.obat.fr\/blog\/wp-json\/wp\/v2\/types\/post"}],"author":[{"embeddable":true,"href":"https:\/\/www.obat.fr\/blog\/wp-json\/wp\/v2\/users\/3"}],"replies":[{"embeddable":true,"href":"https:\/\/www.obat.fr\/blog\/wp-json\/wp\/v2\/comments?post=439"}],"version-history":[{"count":9,"href":"https:\/\/www.obat.fr\/blog\/wp-json\/wp\/v2\/posts\/439\/revisions"}],"predecessor-version":[{"id":11587,"href":"https:\/\/www.obat.fr\/blog\/wp-json\/wp\/v2\/posts\/439\/revisions\/11587"}],"wp:featuredmedia":[{"embeddable":true,"href":"https:\/\/www.obat.fr\/blog\/wp-json\/wp\/v2\/media\/646"}],"wp:attachment":[{"href":"https:\/\/www.obat.fr\/blog\/wp-json\/wp\/v2\/media?parent=439"}],"wp:term":[{"taxonomy":"category","embeddable":true,"href":"https:\/\/www.obat.fr\/blog\/wp-json\/wp\/v2\/categories?post=439"},{"taxonomy":"post_tag","embeddable":true,"href":"https:\/\/www.obat.fr\/blog\/wp-json\/wp\/v2\/tags?post=439"}],"curies":[{"name":"wp","href":"https:\/\/api.w.org\/{rel}","templated":true}]}}