{"id":3309,"date":"2021-06-29T16:27:00","date_gmt":"2021-06-29T14:27:00","guid":{"rendered":"https:\/\/www.obat.fr\/blog\/?p=3309"},"modified":"2024-07-29T14:59:04","modified_gmt":"2024-07-29T12:59:04","slug":"mention-dechets-devis","status":"publish","type":"post","link":"https:\/\/www.obat.fr\/blog\/mention-dechets-devis\/","title":{"rendered":"Mention \u201cd\u00e9chets\u201d sur les devis : quels changements au 1er juillet ?"},"content":{"rendered":"\n<p>C\u2019est officiel : au 1er juillet prochain, les professionnels du b\u00e2timent devront faire figurer une <strong>mention \u201cd\u00e9chets\u201d sur leur devis <\/strong>et remplir un <strong>bordereau de d\u00e9p\u00f4t<\/strong>. Cette obligation fait suite au d\u00e9cret paru fin d\u00e9cembre 2020 dans le cadre de la loi anti gaspillage et \u00e9conomie circulaire. Son but ? Informer et <strong>sensibiliser les ma\u00eetres d\u2019ouvrage<\/strong> sur la question du traitement de leurs d\u00e9chets par les entreprises auxquelles ils font appel. Alors, qu\u2019est-ce que <strong>ce texte implique en pratique<\/strong> ? Et <strong>qui est concern\u00e9<\/strong> exactement ? On d\u00e9crypte tout \u00e7a pour vous.&nbsp;<\/p>\n\n\n\n<h2 class=\"wp-block-heading\">Qui est concern\u00e9 par ces mesures ?<\/h2>\n\n\n\n<p>Tout d\u2019abord, <strong>qui est concern\u00e9 par cette obligation<\/strong> ? Selon l\u2019<a rel=\"noreferrer noopener\" aria-label=\" (s\u2019ouvre dans un nouvel onglet)\" href=\"https:\/\/www.legifrance.gouv.fr\/codes\/article_lc\/LEGIARTI000041570415\/\" target=\"_blank\">article L.541-21-2-3 du Code de l&rsquo;environnement, <\/a>la mention des d\u00e9chets devra figurer sur <em>\u201cles devis relatifs aux <strong>travaux de construction, de r\u00e9novation <\/strong>et<strong> de d\u00e9molition<\/strong> de b\u00e2timents ainsi que les devis relatifs aux <strong>travaux de jardinage<\/strong>.<\/em>\u00ab\u00a0<br><\/p>\n\n\n\n<p>\u00c0 priori, le texte ne s\u2019applique donc pas aux travaux de <strong>d\u00e9pannage <\/strong>et<strong> d\u2019entretien<\/strong>. Ceci dit, la CAPEB souligne qu&rsquo;il ne pr\u00e9cise pas si les travaux d\u2019entretien et de d\u00e9pannage <strong>s\u2019inscrivant dans un ouvrage de r\u00e9novation <\/strong>pourraient \u00eatre concern\u00e9s par la loi. Pour l\u2019instant, cette information reste donc \u00e0 confirmer.<\/p>\n\n\n\n<h2 class=\"wp-block-heading\">Une mention \u00ab d\u00e9chets \u00bb dans les devis travaux<\/h2>\n\n\n\n<p>La premi\u00e8re mesure de cette nouvelle l\u00e9gislation concerne donc <strong>les devis<\/strong>. Le <a rel=\"noreferrer noopener\" aria-label=\" (s\u2019ouvre dans un nouvel onglet)\" href=\"https:\/\/www.legifrance.gouv.fr\/jorf\/id\/JORFTEXT000042841880#:~:text=Imprimer-,D%C3%A9cret%20n%C2%B0%202020%2D1817%20du%2029%20d%C3%A9cembre%202020%20portant,bordereaux%20de%20d%C3%A9p%C3%B4t%20de%20d%C3%A9chets\" target=\"_blank\">d\u00e9cret n\u00b02020-1817<\/a> stipule ainsi que <strong>les devis<\/strong> relatifs aux types de travaux \u00e9voqu\u00e9s plus haut devront inclure les <strong>4 informations suivantes <\/strong>:&nbsp;<\/p>\n\n\n\n<ul class=\"wp-block-list\">\n<li>Une <strong>estimation de la quantit\u00e9 de d\u00e9chets<\/strong> qui va \u00eatre g\u00e9n\u00e9r\u00e9e durant le chantier ;<\/li>\n\n\n\n<li>Les <strong>modalit\u00e9s de gestion<\/strong> et <strong>d\u2019enl\u00e8vement<\/strong> de ces d\u00e9chets. Ces modalit\u00e9s portent sur l\u2019effort de tri sur le chantier, ainsi que sur la nature des d\u00e9chets pour lesquels une collecte sp\u00e9cifique est pr\u00e9vue. Pour les travaux de jardinage uniquement, elles doivent \u00e9voquer le broyage des d\u00e9chets sur le chantier (ou autres dispositions techniques) ;<\/li>\n\n\n\n<li>Le (ou les) <strong>point(s) de collecte<\/strong> o\u00f9 l\u2019entreprise a pr\u00e9vu d\u2019aller d\u00e9poser les d\u00e9chets. Chaque point doit \u00eatre identifi\u00e9 par sa raison sociale, son adresse et sp\u00e9cifier le type d\u2019installation ;<\/li>\n\n\n\n<li>Une <strong>estimation des co\u00fbts<\/strong> li\u00e9s \u00e0 la gestion et \u00e0 l\u2019enl\u00e8vement des d\u00e9chets (incluant le temps pass\u00e9 \u00e0 cette op\u00e9ration).<\/li>\n<\/ul>\n\n\n\n<p>Cette obligation prend effet \u00e0 compter du <strong>1er juillet 2021<\/strong>. En cas de non-respect, l\u2019entreprise du b\u00e2timent risque une amende dont le montant ne peut exc\u00e9der 3 000 \u20ac pour une personne physique et 15 000 \u20ac pour une personne morale.<br><\/p>\n\n\n\n<p><em>\u00c0 lire : <\/em><a href=\"https:\/\/www.obat.fr\/blog\/creer-devis-batiment\/\" target=\"_blank\" rel=\"noreferrer noopener\" aria-label=\" (s\u2019ouvre dans un nouvel onglet)\"><em>Comment faire un devis dans le b\u00e2timent ? 8 \u00e9tapes cl\u00e9s<\/em><\/a><\/p>\n\n\n\n<h2 class=\"wp-block-heading\">Un bordereau de d\u00e9p\u00f4t obligatoire<\/h2>\n\n\n\n<p>En parall\u00e8le, les entreprises BTP devront aussi remplir un <strong>bordereau de d\u00e9p\u00f4t des d\u00e9chets<\/strong>, qui lui sera remis par le gestionnaire de la d\u00e9chetterie. Vous trouverez le <a rel=\"noreferrer noopener\" aria-label=\" (s\u2019ouvre dans un nouvel onglet)\" href=\"http:\/\/www.consultations-publiques.developpement-durable.gouv.fr\/IMG\/pdf\/cerfa_bordereau_v4_10062021.pdf\" target=\"_blank\">formulaire cerfa de d\u00e9p\u00f4t de d\u00e9chets \u00e0 compl\u00e9ter ici<\/a>, accompagn\u00e9 des indications pour vous aider \u00e0 le remplir.&nbsp;<\/p>\n\n\n\n<p>Ce bordereau doit comporter les \u00e9l\u00e9ments suivants :<\/p>\n\n\n\n<ul class=\"wp-block-list\">\n<li><strong>coordonn\u00e9e <\/strong>de l\u2019entreprise BTP ;<\/li>\n\n\n\n<li><strong>nom<\/strong> et <strong>adresse<\/strong> du ma\u00eetre d\u2019ouvrage \/ <strong>raison sociale<\/strong> si c\u2019est un professionnel ;<\/li>\n\n\n\n<li><strong>nature <\/strong>et<strong> estimation<\/strong> de la quantit\u00e9 de chaque type de d\u00e9chet.<\/li>\n<\/ul>\n\n\n\n<p>L\u2019entreprise en b\u00e2timent doit ensuite <strong>conserver ce bordereau<\/strong>, qui fait office de preuve de tra\u00e7abilit\u00e9 des d\u00e9chets. Il peut en effet lui \u00eatre demand\u00e9 en cas de contr\u00f4le. Elle doit aussi en <strong>transmettre une copie<\/strong> au ma\u00eetre d\u2019ouvrage si celui-ci lui en fait la demande.&nbsp;<\/p>\n\n\n<div class=\"wp-block-image\">\n<figure class=\"aligncenter size-large\"><img loading=\"lazy\" decoding=\"async\" width=\"794\" height=\"646\" src=\"https:\/\/www.obat.fr\/blog\/wp-content\/uploads\/2021\/06\/bordereau-depot-dechets.jpg\" alt=\"\" class=\"wp-image-3324\"\/><\/figure>\n<\/div>\n\n\n<h2 class=\"wp-block-heading\">Point sur le tri des d\u00e9chets sur les chantiers&nbsp;<\/h2>\n\n\n\n<p>Sur les chantiers du b\u00e2timent, le <strong>tri des d\u00e9chets<\/strong> est aujourd\u2019hui strictement encadr\u00e9. Plusieurs points sont notamment <strong>\u00e0 retenir<\/strong> :&nbsp;<br><\/p>\n\n\n\n<ul class=\"wp-block-list\">\n<li>Les d\u00e9chets suivants doivent \u00eatre <strong>tri\u00e9s \u00e0 la source<\/strong> : bois, pl\u00e2tre, carton, m\u00e9taux, verre, plastiques et d\u00e9chets inertes.&nbsp;<\/li>\n<\/ul>\n\n\n\n<ul class=\"wp-block-list\">\n<li>\u00c0 partir du moment o\u00f9 <strong>leur s\u00e9paration ne peut pas \u00eatre r\u00e9alis\u00e9e<\/strong> au point de collecte ou \u00e0 la d\u00e9chetterie, le m\u00e9lange des d\u00e9chets suivants est autoris\u00e9 : bois, carton, plastiques et m\u00e9taux ;<\/li>\n<\/ul>\n\n\n\n<ul class=\"wp-block-list\">\n<li>Les <strong>d\u00e9chets pl\u00e2tre<\/strong> doivent absolument \u00eatre <strong>s\u00e9par\u00e9s des autres<\/strong> types de d\u00e9chets ;<\/li>\n<\/ul>\n\n\n\n<ul class=\"wp-block-list\">\n<li>Les <strong>d\u00e9chets inertes<\/strong> ne doivent aussi <strong>\u00eatre s\u00e9par\u00e9s du reste<\/strong> (et surtout du pl\u00e2tre) ;<\/li>\n<\/ul>\n\n\n\n<ul class=\"wp-block-list\">\n<li>Enfin, les <strong>modules int\u00e8gres avec verre plat<\/strong> comme les fen\u00eatres et les portes et cloisons vitr\u00e9es doivent aussi \u00eatre transport\u00e9s <strong>sans risque de casse ni de contamination <\/strong>avec les autres d\u00e9chets.<\/li>\n<\/ul>\n\n\n\n<p><em>\u00c0 lire \u00e9galement : <\/em><a href=\"https:\/\/www.obat.fr\/blog\/bordereau-suivi-dechets\/\" target=\"_blank\" rel=\"noreferrer noopener\" aria-label=\" (s\u2019ouvre dans un nouvel onglet)\"><em>Le bordereau de suivi des d\u00e9chets : explications et mod\u00e8le<\/em><\/a><\/p>\n\n\n\n<h2 class=\"wp-block-heading\">Ajouter la mention d\u00e9chets dans vos devis avec Obat<\/h2>\n\n\n\n<p>Pour vous simplifier la vie, notre logiciel Obat est muni d\u2019une <strong>fonctionnalit\u00e9<\/strong> vous permettant d\u2019<strong>ajouter facilement les mentions concernant les d\u00e9chets <\/strong>sur tous vos prochains devis. <\/p>\n\n\n\n<p><a href=\"https:\/\/www.obat.fr\/\" target=\"_blank\" rel=\"noreferrer noopener\" aria-label=\"Obat (s\u2019ouvre dans un nouvel onglet)\">Obat<\/a>, si vous ne connaissez pas, est un <strong>outil de gestion <\/strong>et<strong> de facturation <\/strong>destin\u00e9 sp\u00e9cifiquement <strong>aux<\/strong> <strong>artisans et entreprises du b\u00e2timent<\/strong>.&nbsp;<br><\/p>\n\n\n\n<p>Pour d\u00e9couvrir ce processus ultra-simple, nous vous invitons \u00e0 visionner la <strong>courte vid\u00e9o<\/strong> suivante ou \u00e0 suivre les 5 \u00e9tapes d\u00e9crites plus bas.<br><\/p>\n\n\n\n<figure class=\"wp-block-embed is-type-video is-provider-youtube wp-block-embed-youtube wp-embed-aspect-16-9 wp-has-aspect-ratio\"><div class=\"wp-block-embed__wrapper\">\n<iframe loading=\"lazy\" title=\"Comment ajouter la mention d\u00e9chets sur les devis ? Obat\" width=\"500\" height=\"281\" src=\"https:\/\/www.youtube.com\/embed\/siypo-R-cjs?feature=oembed\" frameborder=\"0\" allow=\"accelerometer; autoplay; clipboard-write; encrypted-media; gyroscope; picture-in-picture; web-share\" referrerpolicy=\"strict-origin-when-cross-origin\" allowfullscreen><\/iframe>\n<\/div><\/figure>\n\n\n\n<p>En r\u00e9sum\u00e9, une fois rendu sur votre l\u2019interface Obat, <strong>suivez les \u00e9tapes ci-dessous<\/strong> :<\/p>\n\n\n\n<p>#1. Cliquez sur l\u2019onglet <strong>\u00ab\u00a0nouveau devis\u00a0\u00bb<\/strong> ;<\/p>\n\n\n\n<p>#2. Dans <strong>\u201cGestion des d\u00e9chets\u201d<\/strong>, cliquez sur <strong>\u00ab\u00a0d\u00e9finir\u00a0\u00bb<\/strong> ;<\/p>\n\n\n\n<p>#3. S\u00e9lectionnez le<strong> type de d\u00e9chet <\/strong>collect\u00e9 dans la liste&nbsp;;<\/p>\n\n\n\n<p>#4. Ajoutez un <strong>point de collecte existant&nbsp;<\/strong>;<\/p>\n\n\n\n<p>#4bis. Sinon, <strong>cr\u00e9ez un nouveau point de collecte<\/strong> : pour cela, allez dans \u2018G\u00e9rer les points de collecte\u2019, cliquez sur \u00ab\u00a0nouveau point de collecte\u00a0\u00bb et ajoutez le nom, le type et l&rsquo;adresse du point de collecte ;<\/p>\n\n\n\n<p>#5. Terminez en pr\u00e9cisant <strong>l&rsquo;estimation du volume des d\u00e9chets<\/strong> et les <strong>co\u00fbts de traitement<\/strong> associ\u00e9s<\/p>\n\n\n\n<hr class=\"wp-block-separator has-css-opacity\"\/>\n\n\n\n<p>Vous l\u2019aurez compris : \u00e0 partir du <strong>1er juillet 2021<\/strong>, si vous r\u00e9alisez des devis concernant des travaux de <strong>r\u00e9novation<\/strong>, de <strong>construction<\/strong>, de <strong>d\u00e9molition<\/strong> ou de <strong>jardinage<\/strong>, il est obligatoire de mentionner la gestion des d\u00e9chets sur le document. Faites bien attention, car de lourdes sanctions sont pr\u00e9vues en cas de manquement ! Ces mesures ont \u00e9t\u00e9 pens\u00e9es d&rsquo;une part dans l\u2019optique de <strong>renforcer la tra\u00e7abilit\u00e9 des d\u00e9chets<\/strong> issus des chantiers du b\u00e2timent. D&rsquo;autre part, elles visent \u00e0 faire prendre conscience aux ma\u00eetres d\u2019ouvrage du processus de gestion des d\u00e9chets mis en place.&nbsp;<br><\/p>\n\n\n<div class=\"kk-star-ratings kksr-auto kksr-align-left kksr-valign-bottom\"\n    data-payload='{&quot;align&quot;:&quot;left&quot;,&quot;id&quot;:&quot;3309&quot;,&quot;slug&quot;:&quot;default&quot;,&quot;valign&quot;:&quot;bottom&quot;,&quot;ignore&quot;:&quot;&quot;,&quot;reference&quot;:&quot;auto&quot;,&quot;class&quot;:&quot;&quot;,&quot;count&quot;:&quot;0&quot;,&quot;legendonly&quot;:&quot;&quot;,&quot;readonly&quot;:&quot;&quot;,&quot;score&quot;:&quot;0&quot;,&quot;starsonly&quot;:&quot;&quot;,&quot;best&quot;:&quot;5&quot;,&quot;gap&quot;:&quot;5&quot;,&quot;greet&quot;:&quot;Notez cet article&quot;,&quot;legend&quot;:&quot;0\\\/5 - (0 vote)&quot;,&quot;size&quot;:&quot;16&quot;,&quot;title&quot;:&quot;Mention \u201cd\u00e9chets\u201d sur les devis : quels changements au 1er juillet ?&quot;,&quot;width&quot;:&quot;0&quot;,&quot;_legend&quot;:&quot;{score}\\\/{best} - ({count} {votes})&quot;,&quot;font_factor&quot;:&quot;1.25&quot;}'>\n            \n<div class=\"kksr-stars\">\n    \n<div class=\"kksr-stars-inactive\">\n            <div class=\"kksr-star\" data-star=\"1\" style=\"padding-right: 5px\">\n            \n\n<div class=\"kksr-icon\" style=\"width: 16px; height: 16px;\"><\/div>\n        <\/div>\n            <div class=\"kksr-star\" data-star=\"2\" style=\"padding-right: 5px\">\n            \n\n<div class=\"kksr-icon\" style=\"width: 16px; height: 16px;\"><\/div>\n        <\/div>\n            <div class=\"kksr-star\" data-star=\"3\" style=\"padding-right: 5px\">\n            \n\n<div class=\"kksr-icon\" style=\"width: 16px; height: 16px;\"><\/div>\n        <\/div>\n            <div class=\"kksr-star\" data-star=\"4\" style=\"padding-right: 5px\">\n            \n\n<div class=\"kksr-icon\" style=\"width: 16px; height: 16px;\"><\/div>\n        <\/div>\n            <div class=\"kksr-star\" data-star=\"5\" style=\"padding-right: 5px\">\n            \n\n<div class=\"kksr-icon\" style=\"width: 16px; height: 16px;\"><\/div>\n        <\/div>\n    <\/div>\n    \n<div class=\"kksr-stars-active\" style=\"width: 0px;\">\n            <div class=\"kksr-star\" style=\"padding-right: 5px\">\n            \n\n<div class=\"kksr-icon\" style=\"width: 16px; height: 16px;\"><\/div>\n        <\/div>\n            <div class=\"kksr-star\" style=\"padding-right: 5px\">\n            \n\n<div class=\"kksr-icon\" style=\"width: 16px; height: 16px;\"><\/div>\n        <\/div>\n            <div class=\"kksr-star\" style=\"padding-right: 5px\">\n            \n\n<div class=\"kksr-icon\" style=\"width: 16px; height: 16px;\"><\/div>\n        <\/div>\n            <div class=\"kksr-star\" style=\"padding-right: 5px\">\n            \n\n<div class=\"kksr-icon\" style=\"width: 16px; height: 16px;\"><\/div>\n        <\/div>\n            <div class=\"kksr-star\" style=\"padding-right: 5px\">\n            \n\n<div class=\"kksr-icon\" style=\"width: 16px; height: 16px;\"><\/div>\n        <\/div>\n    <\/div>\n<\/div>\n                \n\n<div class=\"kksr-legend\" style=\"font-size: 12.8px;\">\n            <span class=\"kksr-muted\">Notez cet article<\/span>\n    <\/div>\n    <\/div>\n","protected":false},"excerpt":{"rendered":"<p>C\u2019est officiel : au 1er juillet prochain, les professionnels du b\u00e2timent devront faire figurer une mention \u201cd\u00e9chets\u201d sur leur devis et remplir un bordereau de d\u00e9p\u00f4t. Cette obligation fait suite au d\u00e9cret paru fin d\u00e9cembre 2020 dans le cadre de la loi anti gaspillage et \u00e9conomie circulaire. Son but ? Informer et sensibiliser les ma\u00eetres [&hellip;]<\/p>\n","protected":false},"author":6,"featured_media":3319,"comment_status":"closed","ping_status":"closed","sticky":false,"template":"","format":"standard","meta":{"_acf_changed":false,"footnotes":""},"categories":[1,20,19],"tags":[],"class_list":["post-3309","post","type-post","status-publish","format-standard","has-post-thumbnail","hentry","category-actualites","category-devis","category-devis-facture"],"acf":{"adam_posts_cta_bloc":{"adam_cb_image":null,"adam_cb_titre":"Trouvez des chantiers en sous traitance pr\u00e8s de chez vous.","adam_cb_cta":null},"hide_the_universal_cta":false},"yoast_head":"<!-- This site is optimized with the Yoast SEO Premium plugin v27.2 (Yoast SEO v27.3) - https:\/\/yoast.com\/product\/yoast-seo-premium-wordpress\/ -->\n<title>Mention \u201cd\u00e9chets\u201d sur les devis : quels changements au 1er juillet ?<\/title>\n<meta name=\"description\" content=\"Depuis le 1er juillet 2021, les professionnels du b\u00e2timent doivent faire figurer une mention \u201cd\u00e9chets\u201d sur leur devis. Explications !\" \/>\n<meta name=\"robots\" content=\"index, follow, max-snippet:-1, max-image-preview:large, max-video-preview:-1\" \/>\n<link rel=\"canonical\" href=\"https:\/\/www.obat.fr\/blog\/mention-dechets-devis\/\" \/>\n<meta property=\"og:locale\" content=\"fr_FR\" \/>\n<meta property=\"og:type\" content=\"article\" \/>\n<meta property=\"og:title\" content=\"Mention \u201cd\u00e9chets\u201d sur les devis : quels changements au 1er juillet ?\" \/>\n<meta property=\"og:description\" content=\"Depuis le 1er juillet 2021, les professionnels du b\u00e2timent doivent faire figurer une mention \u201cd\u00e9chets\u201d sur leur devis. Explications !\" \/>\n<meta property=\"og:url\" content=\"https:\/\/www.obat.fr\/blog\/mention-dechets-devis\/\" \/>\n<meta property=\"og:site_name\" content=\"Blog Obat\" \/>\n<meta property=\"article:published_time\" content=\"2021-06-29T14:27:00+00:00\" \/>\n<meta property=\"article:modified_time\" content=\"2024-07-29T12:59:04+00:00\" \/>\n<meta property=\"og:image\" content=\"https:\/\/www.obat.fr\/blog\/wp-content\/uploads\/2021\/06\/mention-dechets-devis.jpg\" \/>\n\t<meta property=\"og:image:width\" content=\"730\" \/>\n\t<meta property=\"og:image:height\" content=\"365\" \/>\n\t<meta property=\"og:image:type\" content=\"image\/jpeg\" \/>\n<meta name=\"author\" content=\"Laurie Liagre\" \/>\n<meta name=\"twitter:card\" content=\"summary_large_image\" \/>\n<meta name=\"twitter:label1\" content=\"\u00c9crit par\" \/>\n\t<meta name=\"twitter:data1\" content=\"Laurie Liagre\" \/>\n\t<meta name=\"twitter:label2\" content=\"Dur\u00e9e de lecture estim\u00e9e\" \/>\n\t<meta name=\"twitter:data2\" content=\"6 minutes\" \/>\n<script type=\"application\/ld+json\" class=\"yoast-schema-graph\">{\"@context\":\"https:\\\/\\\/schema.org\",\"@graph\":[{\"@type\":\"Article\",\"@id\":\"https:\\\/\\\/www.obat.fr\\\/blog\\\/mention-dechets-devis\\\/#article\",\"isPartOf\":{\"@id\":\"https:\\\/\\\/www.obat.fr\\\/blog\\\/mention-dechets-devis\\\/\"},\"author\":{\"name\":\"Laurie Liagre\",\"@id\":\"https:\\\/\\\/www.obat.fr\\\/blog\\\/#\\\/schema\\\/person\\\/ca9318cc3f120c3482ef7bbeb870ab5b\"},\"headline\":\"Mention \u201cd\u00e9chets\u201d sur les devis : quels changements au 1er juillet ?\",\"datePublished\":\"2021-06-29T14:27:00+00:00\",\"dateModified\":\"2024-07-29T12:59:04+00:00\",\"mainEntityOfPage\":{\"@id\":\"https:\\\/\\\/www.obat.fr\\\/blog\\\/mention-dechets-devis\\\/\"},\"wordCount\":1103,\"image\":{\"@id\":\"https:\\\/\\\/www.obat.fr\\\/blog\\\/mention-dechets-devis\\\/#primaryimage\"},\"thumbnailUrl\":\"https:\\\/\\\/www.obat.fr\\\/blog\\\/wp-content\\\/uploads\\\/2021\\\/06\\\/mention-dechets-devis.jpg\",\"articleSection\":[\"Actualit\u00e9s\",\"Devis\",\"Devis &amp; facture\"],\"inLanguage\":\"fr-FR\"},{\"@type\":\"WebPage\",\"@id\":\"https:\\\/\\\/www.obat.fr\\\/blog\\\/mention-dechets-devis\\\/\",\"url\":\"https:\\\/\\\/www.obat.fr\\\/blog\\\/mention-dechets-devis\\\/\",\"name\":\"Mention \u201cd\u00e9chets\u201d sur les devis : quels changements au 1er juillet ?\",\"isPartOf\":{\"@id\":\"https:\\\/\\\/www.obat.fr\\\/blog\\\/#website\"},\"primaryImageOfPage\":{\"@id\":\"https:\\\/\\\/www.obat.fr\\\/blog\\\/mention-dechets-devis\\\/#primaryimage\"},\"image\":{\"@id\":\"https:\\\/\\\/www.obat.fr\\\/blog\\\/mention-dechets-devis\\\/#primaryimage\"},\"thumbnailUrl\":\"https:\\\/\\\/www.obat.fr\\\/blog\\\/wp-content\\\/uploads\\\/2021\\\/06\\\/mention-dechets-devis.jpg\",\"datePublished\":\"2021-06-29T14:27:00+00:00\",\"dateModified\":\"2024-07-29T12:59:04+00:00\",\"author\":{\"@id\":\"https:\\\/\\\/www.obat.fr\\\/blog\\\/#\\\/schema\\\/person\\\/ca9318cc3f120c3482ef7bbeb870ab5b\"},\"description\":\"Depuis le 1er juillet 2021, les professionnels du b\u00e2timent doivent faire figurer une mention \u201cd\u00e9chets\u201d sur leur devis. Explications !\",\"breadcrumb\":{\"@id\":\"https:\\\/\\\/www.obat.fr\\\/blog\\\/mention-dechets-devis\\\/#breadcrumb\"},\"inLanguage\":\"fr-FR\",\"potentialAction\":[{\"@type\":\"ReadAction\",\"target\":[\"https:\\\/\\\/www.obat.fr\\\/blog\\\/mention-dechets-devis\\\/\"]}]},{\"@type\":\"ImageObject\",\"inLanguage\":\"fr-FR\",\"@id\":\"https:\\\/\\\/www.obat.fr\\\/blog\\\/mention-dechets-devis\\\/#primaryimage\",\"url\":\"https:\\\/\\\/www.obat.fr\\\/blog\\\/wp-content\\\/uploads\\\/2021\\\/06\\\/mention-dechets-devis.jpg\",\"contentUrl\":\"https:\\\/\\\/www.obat.fr\\\/blog\\\/wp-content\\\/uploads\\\/2021\\\/06\\\/mention-dechets-devis.jpg\",\"width\":730,\"height\":365,\"caption\":\"mention d\u00e9chets sur les devis\"},{\"@type\":\"BreadcrumbList\",\"@id\":\"https:\\\/\\\/www.obat.fr\\\/blog\\\/mention-dechets-devis\\\/#breadcrumb\",\"itemListElement\":[{\"@type\":\"ListItem\",\"position\":1,\"name\":\"Accueil\",\"item\":\"https:\\\/\\\/www.obat.fr\\\/blog\\\/\"},{\"@type\":\"ListItem\",\"position\":2,\"name\":\"Actualit\u00e9s\",\"item\":\"https:\\\/\\\/www.obat.fr\\\/blog\\\/actualites\\\/\"},{\"@type\":\"ListItem\",\"position\":3,\"name\":\"Mention \u201cd\u00e9chets\u201d sur les devis : quels changements au 1er juillet ?\"}]},{\"@type\":\"WebSite\",\"@id\":\"https:\\\/\\\/www.obat.fr\\\/blog\\\/#website\",\"url\":\"https:\\\/\\\/www.obat.fr\\\/blog\\\/\",\"name\":\"Blog Obat\",\"description\":\"Blog Obat\",\"potentialAction\":[{\"@type\":\"SearchAction\",\"target\":{\"@type\":\"EntryPoint\",\"urlTemplate\":\"https:\\\/\\\/www.obat.fr\\\/blog\\\/?s={search_term_string}\"},\"query-input\":{\"@type\":\"PropertyValueSpecification\",\"valueRequired\":true,\"valueName\":\"search_term_string\"}}],\"inLanguage\":\"fr-FR\"},{\"@type\":\"Person\",\"@id\":\"https:\\\/\\\/www.obat.fr\\\/blog\\\/#\\\/schema\\\/person\\\/ca9318cc3f120c3482ef7bbeb870ab5b\",\"name\":\"Laurie Liagre\",\"image\":{\"@type\":\"ImageObject\",\"inLanguage\":\"fr-FR\",\"@id\":\"https:\\\/\\\/secure.gravatar.com\\\/avatar\\\/650b2f731153cbb94f7b640ed4e31c395bcc3da306c4162778890be749a57bb6?s=96&d=blank&r=g\",\"url\":\"https:\\\/\\\/secure.gravatar.com\\\/avatar\\\/650b2f731153cbb94f7b640ed4e31c395bcc3da306c4162778890be749a57bb6?s=96&d=blank&r=g\",\"contentUrl\":\"https:\\\/\\\/secure.gravatar.com\\\/avatar\\\/650b2f731153cbb94f7b640ed4e31c395bcc3da306c4162778890be749a57bb6?s=96&d=blank&r=g\",\"caption\":\"Laurie Liagre\"},\"description\":\"Responsable \u00e9ditoriale et r\u00e9dactrice web chez Obat depuis 2019, j'aide les artisans du b\u00e2timent \u00e0 naviguer dans le monde complexe de la gestion d'entreprise au travers de contenus complets, pertinents et bien document\u00e9es.\",\"sameAs\":[\"https:\\\/\\\/www.linkedin.com\\\/in\\\/laurie-liagre-9b8271b2\\\/\"],\"url\":\"https:\\\/\\\/www.obat.fr\\\/blog\\\/author\\\/laurie\\\/\"}]}<\/script>\n<!-- \/ Yoast SEO Premium plugin. -->","yoast_head_json":{"title":"Mention \u201cd\u00e9chets\u201d sur les devis : quels changements au 1er juillet ?","description":"Depuis le 1er juillet 2021, les professionnels du b\u00e2timent doivent faire figurer une mention \u201cd\u00e9chets\u201d sur leur devis. Explications !","robots":{"index":"index","follow":"follow","max-snippet":"max-snippet:-1","max-image-preview":"max-image-preview:large","max-video-preview":"max-video-preview:-1"},"canonical":"https:\/\/www.obat.fr\/blog\/mention-dechets-devis\/","og_locale":"fr_FR","og_type":"article","og_title":"Mention \u201cd\u00e9chets\u201d sur les devis : quels changements au 1er juillet ?","og_description":"Depuis le 1er juillet 2021, les professionnels du b\u00e2timent doivent faire figurer une mention \u201cd\u00e9chets\u201d sur leur devis. Explications !","og_url":"https:\/\/www.obat.fr\/blog\/mention-dechets-devis\/","og_site_name":"Blog Obat","article_published_time":"2021-06-29T14:27:00+00:00","article_modified_time":"2024-07-29T12:59:04+00:00","og_image":[{"width":730,"height":365,"url":"https:\/\/www.obat.fr\/blog\/wp-content\/uploads\/2021\/06\/mention-dechets-devis.jpg","type":"image\/jpeg"}],"author":"Laurie Liagre","twitter_card":"summary_large_image","twitter_misc":{"\u00c9crit par":"Laurie Liagre","Dur\u00e9e de lecture estim\u00e9e":"6 minutes"},"schema":{"@context":"https:\/\/schema.org","@graph":[{"@type":"Article","@id":"https:\/\/www.obat.fr\/blog\/mention-dechets-devis\/#article","isPartOf":{"@id":"https:\/\/www.obat.fr\/blog\/mention-dechets-devis\/"},"author":{"name":"Laurie Liagre","@id":"https:\/\/www.obat.fr\/blog\/#\/schema\/person\/ca9318cc3f120c3482ef7bbeb870ab5b"},"headline":"Mention \u201cd\u00e9chets\u201d sur les devis : quels changements au 1er juillet ?","datePublished":"2021-06-29T14:27:00+00:00","dateModified":"2024-07-29T12:59:04+00:00","mainEntityOfPage":{"@id":"https:\/\/www.obat.fr\/blog\/mention-dechets-devis\/"},"wordCount":1103,"image":{"@id":"https:\/\/www.obat.fr\/blog\/mention-dechets-devis\/#primaryimage"},"thumbnailUrl":"https:\/\/www.obat.fr\/blog\/wp-content\/uploads\/2021\/06\/mention-dechets-devis.jpg","articleSection":["Actualit\u00e9s","Devis","Devis &amp; facture"],"inLanguage":"fr-FR"},{"@type":"WebPage","@id":"https:\/\/www.obat.fr\/blog\/mention-dechets-devis\/","url":"https:\/\/www.obat.fr\/blog\/mention-dechets-devis\/","name":"Mention \u201cd\u00e9chets\u201d sur les devis : quels changements au 1er juillet ?","isPartOf":{"@id":"https:\/\/www.obat.fr\/blog\/#website"},"primaryImageOfPage":{"@id":"https:\/\/www.obat.fr\/blog\/mention-dechets-devis\/#primaryimage"},"image":{"@id":"https:\/\/www.obat.fr\/blog\/mention-dechets-devis\/#primaryimage"},"thumbnailUrl":"https:\/\/www.obat.fr\/blog\/wp-content\/uploads\/2021\/06\/mention-dechets-devis.jpg","datePublished":"2021-06-29T14:27:00+00:00","dateModified":"2024-07-29T12:59:04+00:00","author":{"@id":"https:\/\/www.obat.fr\/blog\/#\/schema\/person\/ca9318cc3f120c3482ef7bbeb870ab5b"},"description":"Depuis le 1er juillet 2021, les professionnels du b\u00e2timent doivent faire figurer une mention \u201cd\u00e9chets\u201d sur leur devis. Explications !","breadcrumb":{"@id":"https:\/\/www.obat.fr\/blog\/mention-dechets-devis\/#breadcrumb"},"inLanguage":"fr-FR","potentialAction":[{"@type":"ReadAction","target":["https:\/\/www.obat.fr\/blog\/mention-dechets-devis\/"]}]},{"@type":"ImageObject","inLanguage":"fr-FR","@id":"https:\/\/www.obat.fr\/blog\/mention-dechets-devis\/#primaryimage","url":"https:\/\/www.obat.fr\/blog\/wp-content\/uploads\/2021\/06\/mention-dechets-devis.jpg","contentUrl":"https:\/\/www.obat.fr\/blog\/wp-content\/uploads\/2021\/06\/mention-dechets-devis.jpg","width":730,"height":365,"caption":"mention d\u00e9chets sur les devis"},{"@type":"BreadcrumbList","@id":"https:\/\/www.obat.fr\/blog\/mention-dechets-devis\/#breadcrumb","itemListElement":[{"@type":"ListItem","position":1,"name":"Accueil","item":"https:\/\/www.obat.fr\/blog\/"},{"@type":"ListItem","position":2,"name":"Actualit\u00e9s","item":"https:\/\/www.obat.fr\/blog\/actualites\/"},{"@type":"ListItem","position":3,"name":"Mention \u201cd\u00e9chets\u201d sur les devis : quels changements au 1er juillet ?"}]},{"@type":"WebSite","@id":"https:\/\/www.obat.fr\/blog\/#website","url":"https:\/\/www.obat.fr\/blog\/","name":"Blog Obat","description":"Blog Obat","potentialAction":[{"@type":"SearchAction","target":{"@type":"EntryPoint","urlTemplate":"https:\/\/www.obat.fr\/blog\/?s={search_term_string}"},"query-input":{"@type":"PropertyValueSpecification","valueRequired":true,"valueName":"search_term_string"}}],"inLanguage":"fr-FR"},{"@type":"Person","@id":"https:\/\/www.obat.fr\/blog\/#\/schema\/person\/ca9318cc3f120c3482ef7bbeb870ab5b","name":"Laurie Liagre","image":{"@type":"ImageObject","inLanguage":"fr-FR","@id":"https:\/\/secure.gravatar.com\/avatar\/650b2f731153cbb94f7b640ed4e31c395bcc3da306c4162778890be749a57bb6?s=96&d=blank&r=g","url":"https:\/\/secure.gravatar.com\/avatar\/650b2f731153cbb94f7b640ed4e31c395bcc3da306c4162778890be749a57bb6?s=96&d=blank&r=g","contentUrl":"https:\/\/secure.gravatar.com\/avatar\/650b2f731153cbb94f7b640ed4e31c395bcc3da306c4162778890be749a57bb6?s=96&d=blank&r=g","caption":"Laurie Liagre"},"description":"Responsable \u00e9ditoriale et r\u00e9dactrice web chez Obat depuis 2019, j'aide les artisans du b\u00e2timent \u00e0 naviguer dans le monde complexe de la gestion d'entreprise au travers de contenus complets, pertinents et bien document\u00e9es.","sameAs":["https:\/\/www.linkedin.com\/in\/laurie-liagre-9b8271b2\/"],"url":"https:\/\/www.obat.fr\/blog\/author\/laurie\/"}]}},"_links":{"self":[{"href":"https:\/\/www.obat.fr\/blog\/wp-json\/wp\/v2\/posts\/3309","targetHints":{"allow":["GET"]}}],"collection":[{"href":"https:\/\/www.obat.fr\/blog\/wp-json\/wp\/v2\/posts"}],"about":[{"href":"https:\/\/www.obat.fr\/blog\/wp-json\/wp\/v2\/types\/post"}],"author":[{"embeddable":true,"href":"https:\/\/www.obat.fr\/blog\/wp-json\/wp\/v2\/users\/6"}],"replies":[{"embeddable":true,"href":"https:\/\/www.obat.fr\/blog\/wp-json\/wp\/v2\/comments?post=3309"}],"version-history":[{"count":0,"href":"https:\/\/www.obat.fr\/blog\/wp-json\/wp\/v2\/posts\/3309\/revisions"}],"wp:featuredmedia":[{"embeddable":true,"href":"https:\/\/www.obat.fr\/blog\/wp-json\/wp\/v2\/media\/3319"}],"wp:attachment":[{"href":"https:\/\/www.obat.fr\/blog\/wp-json\/wp\/v2\/media?parent=3309"}],"wp:term":[{"taxonomy":"category","embeddable":true,"href":"https:\/\/www.obat.fr\/blog\/wp-json\/wp\/v2\/categories?post=3309"},{"taxonomy":"post_tag","embeddable":true,"href":"https:\/\/www.obat.fr\/blog\/wp-json\/wp\/v2\/tags?post=3309"}],"curies":[{"name":"wp","href":"https:\/\/api.w.org\/{rel}","templated":true}]}}