{"id":13400,"date":"2026-09-04T07:00:00","date_gmt":"2026-09-04T05:00:00","guid":{"rendered":"https:\/\/www.obat.fr\/blog\/?p=13400"},"modified":"2026-09-03T14:53:40","modified_gmt":"2026-09-03T12:53:40","slug":"sanction-facturation-electronique","status":"publish","type":"post","link":"https:\/\/www.obat.fr\/blog\/sanction-facturation-electronique\/","title":{"rendered":"Facturation \u00e9lectronique : un gel des sanctions en 2026 ?"},"content":{"rendered":"\n<p class=\"wp-block-paragraph\">C&rsquo;est officiel : apr\u00e8s plusieurs reports, la r\u00e9forme de la facturation \u00e9lectronique est finalement <strong>entr\u00e9e en vigueur ce 1er septembre 2026<\/strong>. Les grandes entreprises doivent d\u00e9sormais \u00e9mettre leurs factures au format \u00e9lectronique, et les ind\u00e9pendants, TPE et PME doivent de leur c\u00f4t\u00e9 \u00eatre en mesure de <strong>recevoir des factures \u00e9lectroniques<\/strong> via une Plateforme Agr\u00e9\u00e9e. Si des sanctions sont bien pr\u00e9vues en cas de manquement, le minist\u00e8re de l&rsquo;\u00c9conomie a annonc\u00e9 dans son dernier communiqu\u00e9 qu\u2019il appliquera <strong>une phase de tol\u00e9rance<\/strong> durant le reste de l\u2019ann\u00e9e 2026. Une bonne nouvelle pour ceux qui n&rsquo;ont toujours pas de solution conforme, mais qui ne vous lib\u00e8re pas pour autant de vos obligations. On fait le point !<\/p>\n\n\n    <div class=\"essentiel-a-retenir\">\r\n        <div class=\"essentiel-a-retenir-wrapper\">\r\n            <div class=\"essentiel-a-retenir-title\">\r\n                <div class=\"bon-a-savoir-header-icon\">\r\n                    <svg xmlns=\"http:\/\/www.w3.org\/2000\/svg\" width=\"32\" height=\"32\" viewBox=\"0 0 32 32\" fill=\"none\">\r\n                        <path d=\"M0 16C0 7.16344 7.16344 0 16 0C24.8366 0 32 7.16344 32 16V32H16C7.16344 32 0 24.8366 0 16Z\" fill=\"#1591F0\" \/>\r\n                        <path d=\"M8.66406 11.4167H23.3307M8.66406 16H23.3307M8.66406 20.5833H14.9498\" stroke=\"white\" stroke-width=\"2\" stroke-linecap=\"round\" stroke-linejoin=\"round\" \/>\r\n                    <\/svg>\r\n                <\/div>\r\n                <div class=\"essentiel-a-retenir-title\">L&rsquo;essentiel \u00e0 retenir<\/div>\r\n\r\n            <\/div>\r\n            <div class=\"essentiel-a-retenir-content\">\r\n                <p>Le 1er septembre 2026 a marqu\u00e9 le coup d&rsquo;envoi de la r\u00e9forme sur la facturation \u00e9lectronique, et avec elle de nouvelles obligations pour les entreprises fran\u00e7aises.<\/p>\n<p>Les grandes entreprises et les entreprises de taille interm\u00e9diaire doivent \u00e9mettre et recevoir leurs factures \u00e9lectroniquement et se soumettre \u00e0 l&rsquo;e-reporting.<\/p>\n<p>Les micro-entreprises, ind\u00e9pendants, TPE et PME doivent recevoir leurs factures au format \u00e9lectronique, avec un passage \u00e0 l&rsquo;\u00e9mission et \u00e0 l&rsquo;e-reporting pr\u00e9vu pour septembre 2027.<\/p>\n<p>Le gouvernement a annonc\u00e9 un gel temporaire des sanctions li\u00e9es \u00e0 la facturation \u00e9lectronique lors de la phase de d\u00e9marrage de la r\u00e9forme, soit jusqu&rsquo;\u00e0 fin 2026.<\/p>\n            <\/div>\r\n        <\/div>\r\n    <\/div>\r\n\n\n\n<p class=\"wp-block-paragraph\">        <div class=\"endPostCta col-12 cta_bloc_classic\">\r\n            <div class=\"cta-column-left\">\r\n                <img decoding=\"async\" data-src=\"https:\/\/www.obat.fr\/blog\/wp-content\/uploads\/2026\/06\/Placeholder-1.png\" alt=\"\" src=\"data:image\/svg+xml;base64,PHN2ZyB3aWR0aD0iMSIgaGVpZ2h0PSIxIiB4bWxucz0iaHR0cDovL3d3dy53My5vcmcvMjAwMC9zdmciPjwvc3ZnPg==\" class=\"lazyload\" style=\"--smush-placeholder-width: 1394px; --smush-placeholder-aspect-ratio: 1394\/876;\" \/>\r\n\r\n            <\/div>\r\n            <div class=\"cta-column-right\">\r\n                <div class=\"cta-title\">\r\n                    <div class=\"cta-title\">\u00cates vous pr\u00eat pour la facturation \u00e9lectronique ?<\/div>\r\n                <\/div>\r\n\r\n                                    <div class=\"cta-description\">\r\n                        Obat est pr\u00eat pour la r\u00e9forme du 1er septembre 2026 et vous ? Faites le test.                    <\/div>\r\n                \r\n                                    <a role=\"button\" class=\"obat-button medium-primary-white\" href=\"https:\/\/www.obat.fr\/devis-factures\/facturation-electronique\/#obat-qfe\" target=\"_self\">\r\n                        <span>Faites le test<\/span>\r\n                        <svg xmlns=\"http:\/\/www.w3.org\/2000\/svg\" width=\"12\" height=\"12\" viewBox=\"0 0 12 12\" fill=\"none\">\r\n                            <path d=\"M1 6L11 6M11 6L7.25 10M11 6L7.25 2\" stroke=\"currentColor\" stroke-width=\"1.5\" stroke-linecap=\"round\" stroke-linejoin=\"round\"><\/path>\r\n                        <\/svg>\r\n                    <\/a>\r\n                \r\n            <\/div>\r\n        <\/div>\r\n    \u00a0<\/p>\n\n\n\n<h2 id=\"h-entree-en-vigueur-de-la-facturation-electronique-ce-1er-septembre-2026\" class=\"wp-block-heading\">Entr\u00e9e en vigueur de la facturation \u00e9lectronique ce 1er septembre 2026<\/h2>\n\n\n\n<p class=\"wp-block-paragraph\">Ce 1er septembre marque en France le <strong>d\u00e9marrage effectif <\/strong>de la r\u00e9forme de la facturation \u00e9lectronique entre entreprises assujetties \u00e0 la TVA. Concr\u00e8tement :<\/p>\n\n\n\n<ul class=\"wp-block-list\">\n<li>Les grandes entreprises et les entreprises de taille interm\u00e9diaire (ETI) doivent \u00e9mettre leurs factures dans les formats \u00e9lectroniques officiels et transmettre leurs donn\u00e9es via l&rsquo;e-reporting.<\/li>\n\n\n\n<li>Toutes les entreprises, y compris les micro-entrepreneurs, artisans, TPE et PME doivent \u00eatre capables de recevoir des factures \u00e9lectroniques, notamment de leurs fournisseurs.<\/li>\n\n\n\n<li>L&rsquo;obligation d\u2019\u00e9mission et d&rsquo;e-reporting pour l&rsquo;ensemble des PME, TPE et micro-entreprises est ensuite fix\u00e9e au 1er septembre 2027.<\/li>\n<\/ul>\n\n\n\n<p class=\"wp-block-paragraph\">Selon les chiffres communiqu\u00e9s par l\u2019administration dans son <a href=\"https:\/\/presse.economie.gouv.fr\/la-facturation-demarre-aujourdhui-priorite-a-laccompagnement-des-entreprises\/\">communiqu\u00e9 du 1er septembre 2026<\/a>, <strong>seulement 66 % des entreprises<\/strong> ont choisi leur plateforme de facturation agr\u00e9\u00e9e. Autrement dit, encore un tiers des professionnels n\u2019ont aujourd\u2019hui toujours pas de solution certifi\u00e9e, malgr\u00e9 un <a href=\"https:\/\/www.obat.fr\/blog\/calendrier-facturation-electronique\/\" target=\"_blank\" rel=\"noreferrer noopener\">calendrier<\/a> fix\u00e9 depuis de nombreux mois !<\/p>\n\n\n    <div class=\"bon-a-savoir\">\r\n        <div class=\"bon-a-savoir-wrapper\">\r\n            <div class=\"bon-a-savoir-header\">\r\n                <div class=\"bon-a-savoir-header-icon\">\r\n                    <svg xmlns=\"http:\/\/www.w3.org\/2000\/svg\" width=\"32\" height=\"32\" viewBox=\"0 0 32 32\" fill=\"none\">\r\n                        <path d=\"M0 16C0 7.16344 7.16344 0 16 0C24.8366 0 32 7.16344 32 16V32H16C7.16344 32 0 24.8366 0 16Z\" fill=\"#1591F0\" \/>\r\n                        <path d=\"M13.3359 15.3966C13.3359 14.9167 13.5266 14.4564 13.8659 14.1171C14.2053 13.7777 14.6655 13.5871 15.1455 13.5871H17.5582C18.0381 13.5871 18.4983 13.7777 18.8377 14.1171C19.177 14.4564 19.3677 14.9167 19.3677 15.3966V22.0315H19.9709C20.4508 22.0315 20.911 22.2222 21.2504 22.5615C21.5897 22.9009 21.7804 23.3611 21.7804 23.8411C21.7804 24.321 21.5897 24.7812 21.2504 25.1206C20.911 25.4599 20.4508 25.6506 19.9709 25.6506H15.1455C14.6655 25.6506 14.2053 25.4599 13.8659 25.1206C13.5266 24.7812 13.3359 24.321 13.3359 23.8411C13.3359 23.3611 13.5266 22.9009 13.8659 22.5615C14.2053 22.2222 14.6655 22.0315 15.1455 22.0315H15.7486V17.2061H15.1455C14.6655 17.2061 14.2053 17.0155 13.8659 16.6761C13.5266 16.3368 13.3359 15.8765 13.3359 15.3966ZM16.955 11.1744C16.3151 11.1744 15.7014 10.9202 15.249 10.4677C14.7965 10.0153 14.5423 9.40158 14.5423 8.7617C14.5423 8.12181 14.7965 7.50813 15.249 7.05566C15.7014 6.60319 16.3151 6.349 16.955 6.349C17.5949 6.349 18.2086 6.60319 18.661 7.05566C19.1135 7.50813 19.3677 8.12181 19.3677 8.7617C19.3677 9.40158 19.1135 10.0153 18.661 10.4677C18.2086 10.9202 17.5949 11.1744 16.955 11.1744Z\" fill=\"white\" \/>\r\n                    <\/svg>\r\n                <\/div>\r\n                <div class=\"bon-a-savoir-header-title\">Bon \u00e0 savoir<\/div>\r\n            <\/div>\r\n\r\n            <div class=\"bon-a-savoir-content\">\r\n                <p><strong>Quels types de facture dois-je pouvoir recevoir \u00e9lectroniquement ?<\/strong> Pour un artisan du b\u00e2timent, par exemple, on peut citer :<\/p>\n<ul>\n<li>Les factures fournisseurs pour l&rsquo;achat de mat\u00e9riaux et de fournitures chez les grandes enseignes de construction (Point.P, Leroy Merlin, Gedimat&#8230;)<\/li>\n<li>Les factures relatives \u00e0 vos frais courants professionnels li\u00e9s \u00e0 votre local et votre activit\u00e9 (fournisseurs d&rsquo;\u00e9nergie, box internet, t\u00e9l\u00e9phone&#8230;)<\/li>\n<\/ul>\n            <\/div>\r\n        <\/div>\r\n    <\/div>\r\n\n\n\n<p class=\"has-background wp-block-paragraph\" style=\"background-color:#e5ecfa\"><em>A lire \u00e9galement : <a href=\"https:\/\/www.obat.fr\/blog\/facture-electronique\/\" target=\"_blank\" rel=\"noreferrer noopener\">Facture \u00e9lectronique dans le BTP : le guide complet en 2026<\/a><\/em><\/p>\n\n\n\n<h2 id=\"h-les-sanctions-prevues-en-cas-de-manquement-a-la-facturation-electronique\" class=\"wp-block-heading\">Les sanctions pr\u00e9vues en cas de manquement \u00e0 la facturation \u00e9lectronique<\/h2>\n\n\n\n<p class=\"wp-block-paragraph\">La loi de finances pour 2026 a d\u00e9fini plusieurs sanctions applicables \u00e0 la r\u00e9forme de la facturation \u00e9lectronique. Voici les montants actuellement en vigueur dans les textes :<\/p>\n\n\n\n<ul class=\"wp-block-list\">\n<li><strong>Absence de plateforme agr\u00e9\u00e9e pour la r\u00e9ception des factures <\/strong>: mise en demeure de 3 mois, puis 500 \u20ac, puis  000 \u20ac apr\u00e8s une nouvelle mise en demeure de 3 mois, et ce tous les 3 mois en cas de persistance ;<\/li>\n\n\n\n<li><strong>D\u00e9faut d&rsquo;\u00e9mission d&rsquo;une facture au format \u00e9lectronique<\/strong> : 50 \u20ac par facture, plafonn\u00e9 \u00e0 15 000 \u20ac par an ;<\/li>\n\n\n\n<li><strong>Non transmission des donn\u00e9es d&rsquo;e-reporting <\/strong>: 500 \u20ac par transmission manquante, plafonn\u00e9 \u00e0 15 000 \u20ac par an<\/li>\n\n\n\n<li><strong>Mention obligatoire manquante ou erron\u00e9e sur une facture :<\/strong> 15 \u20ac par mention manquante, plafonn\u00e9 \u00e0 25 % du montant factur\u00e9<\/li>\n<\/ul>\n\n\n\n<h2 id=\"h-aucune-sanction-prevue-pour-les-entreprises-en-2026\" class=\"wp-block-heading\">Aucune sanction pr\u00e9vue pour les entreprises en 2026<\/h2>\n\n\n\n<p class=\"wp-block-paragraph\">Dans son communiqu\u00e9, le minist\u00e8re affirme que sa priorit\u00e9 est d&rsquo;accompagner les entreprises dans cette transition, et non de les p\u00e9naliser. Il a donc \u00e9t\u00e9 d\u00e9cid\u00e9 <strong>qu\u2019aucune sanction ne serait inflig\u00e9e en 2026<\/strong> aux entreprises n\u2019ayant pas encore de solution de facturation \u00e9lectronique. <\/p>\n\n\n\n<p class=\"wp-block-paragraph\">Le ministre de l&rsquo;Action et des Comptes publics, David Amiel, a d\u2019ailleurs qualifi\u00e9 la date charni\u00e8re du 1er septembre comme un \u00ab\u00a0coup d&rsquo;envoi, et non une date couperet\u00a0\u00bb.&nbsp;Pour aider les professionnels \u00e0 mieux comprendre leurs obligations, sachez que l&rsquo;\u00c9tat met \u00e0 disposition plusieurs outils :<\/p>\n\n\n\n<ul class=\"wp-block-list\">\n<li>Un espace d\u00e9di\u00e9 sur <a href=\"http:\/\/impots.gouv.fr\">impots.gouv.fr<\/a> ;<\/li>\n\n\n\n<li>Un <a href=\"https:\/\/www.impots.gouv.fr\/sites\/default\/files\/media\/1_metier\/2_professionnel\/EV\/2_gestion\/290_facturation_electronique\/guide_pratique_facturation_electronique.pdf\">guide pratique de d\u00e9marrage<\/a> ;&nbsp;<\/li>\n\n\n\n<li>Un num\u00e9ro d&rsquo;assistance t\u00e9l\u00e9phonique (0 806 807 807). <\/li>\n<\/ul>\n\n\n\n<p class=\"has-background wp-block-paragraph\" style=\"background-color:#e5ecfa\"><em>A lire \u00e9galement : <a href=\"https:\/\/www.obat.fr\/blog\/logiciel-facturation-electronique-comparatif\/\">Quels sont les meilleurs logiciels de facture \u00e9lectronique en 2026 ? Top 8<\/a><\/em><\/p>\n\n\n\n<h2 id=\"h-absence-de-sanctions-ne-veut-pas-dire-absence-d-obligation\" class=\"wp-block-heading\">Absence de sanctions ne veut pas dire absence d\u2019obligation<\/h2>\n\n\n\n<p class=\"wp-block-paragraph\">Si vous \u00eates concern\u00e9 par la facturation \u00e9lectronique et n\u2019avez pas encore de plateforme agr\u00e9\u00e9e, vous ne serez donc pour l\u2019instant pas p\u00e9nalis\u00e9. Mais attention : cette tol\u00e9rance sur les sanctions ne doit pas \u00eatre interpr\u00e9t\u00e9e comme une <strong>dispense d&rsquo;appliquer la r\u00e9forme.<\/strong>&nbsp;<\/p>\n\n\n\n<h3 id=\"h-des-sanctions-au-cas-par-cas\" class=\"wp-block-heading\">Des sanctions au cas par cas ?<\/h3>\n\n\n\n<p class=\"wp-block-paragraph\">Le communiqu\u00e9 du gouvernement pr\u00e9cise bien que les entreprises doivent <em>\u201cd\u00e9montrer qu\u2019une trajectoire active de mise en conformit\u00e9 est engag\u00e9e et poursuivie\u201d<\/em>. <\/p>\n\n\n\n<p class=\"wp-block-paragraph\">Plus concr\u00e8tement, l&rsquo;administration va distinguer <strong>deux types de situations<\/strong> pendant cette phase de d\u00e9marrage :<\/p>\n\n\n\n<ul class=\"wp-block-list\">\n<li>Les entreprises rencontrant des difficult\u00e9s r\u00e9elles dans la mise en \u0153uvre de la r\u00e9forme mais qui peuvent prouver qu\u2019elles engagent des actions vers la conformit\u00e9 ;<\/li>\n\n\n\n<li>Les entreprises \u201cpassives\u201d, qui montrent une v\u00e9ritable inaction, un \u00e9vitement voire m\u00eame un refus total d\u2019adh\u00e9rer au dispositif.&nbsp;<\/li>\n<\/ul>\n\n\n\n<p class=\"wp-block-paragraph\">Pour ce second cas de figure, si l&rsquo;administration ne pr\u00e9cise pas les cons\u00e9quences pr\u00e9vues, on peut imaginer qu&rsquo;elle se r\u00e9serve le droit d&rsquo;appliquer des sanctions au cas par cas. <\/p>\n\n\n\n<h3 id=\"h-et-d-un-point-de-vue-technique\" class=\"wp-block-heading\">Et d&rsquo;un point de vue technique ?<\/h3>\n\n\n\n<p class=\"wp-block-paragraph\">Dans les faits, si vous \u00eates une petite entreprise et que vous n&rsquo;avez pas de plateforme agr\u00e9\u00e9e, vos fournisseurs peuvent continuer \u00e0 vous transmettre vos factures par les canaux habituels (email, pdf, papier) pendant cette p\u00e9riode transitoire. <\/p>\n\n\n\n<p class=\"wp-block-paragraph\">En revanche, sans logiciel conforme, vous ne pourrez pas recevoir une facture au format \u00e9lectronique structur\u00e9 via le circuit officiel. \u00c0 terme, cela vous mettra en difficult\u00e9 lorsque vos fournisseurs basculeront compl\u00e8tement vers ce syst\u00e8me. N&rsquo;attendez donc pas pour vous \u00e9quiper !<\/p>\n\n\n\n<p class=\"has-background wp-block-paragraph\" style=\"background-color:#e5ecfa\"><em>A lire \u00e9galement : <a href=\"https:\/\/www.obat.fr\/blog\/facturation-electronique-auto-entrepreneur\/\" target=\"_blank\" rel=\"noreferrer noopener\">Facture \u00e9lectronique : quelles obligations pour un micro-entrepreneur ?<\/a><\/em><\/p>\n\n\n    <div class=\"conclusion-section\">\r\n        <div class=\"conclusion-wrapper\">\r\n            <div class=\"conclusion-header\">\r\n                <div class=\"conclusion-icon\">\r\n                    <img decoding=\"async\" data-src=\"https:\/\/www.obat.fr\/blog\/wp-content\/themes\/obat-v4\/assets\/icons\/conclusion-icon.svg\" alt=\"Conclusion Icon\" src=\"data:image\/svg+xml;base64,PHN2ZyB3aWR0aD0iMSIgaGVpZ2h0PSIxIiB4bWxucz0iaHR0cDovL3d3dy53My5vcmcvMjAwMC9zdmciPjwvc3ZnPg==\" class=\"lazyload\">\r\n                <\/div>\r\n                <div class=\"conclusion-title\">Conclusion<\/div>\r\n            <\/div>\r\n            <div class=\"conclusion-content\"> <p>Si le gouvernement souhaite faire preuve de tol\u00e9rance dans cette transition, l&rsquo;absence de sanction concernant la facturation \u00e9lectronique en 2026 n&rsquo;est donc ni un report ni une suspension de l&rsquo;obligation. Pour un professionnel, la vraie question n&rsquo;est donc pas \u00ab\u00a0vais-je \u00eatre sanctionn\u00e9 cette ann\u00e9e ?\u00a0\u00bb mais plut\u00f4t \u00ab\u00a0puis-je d\u00e9montrer que j&rsquo;ai engag\u00e9 une d\u00e9marche active vers la conformit\u00e9 ?\u00a0\u00bb. Le meilleur moyen de prouver votre bonne volont\u00e9 est de choisir d\u00e8s maintenant un outil conforme. De nombreux logiciels existent, \u00e0 commencer par Obat pour les artisans et les entreprises du b\u00e2timent, une <a href=\"https:\/\/www.obat.fr\/devis-factures\/facturation-electronique\/\">Solution Compatible \u00e0 la facturation \u00e9lectronique<\/a> sp\u00e9cialis\u00e9e dans le BTP.<\/p>\n <\/div>\r\n        <\/div>\r\n    <\/div>\r\n\n\n\n<h2 id=\"h-questions-frequentes-sur-les-sanctions-de-la-facturation-electronique-faq\" class=\"wp-block-heading\">Questions fr\u00e9quentes sur les sanctions de la facturation \u00e9lectronique (FAQ)<\/h2>\n\n\n\n<div class=\"schema-faq wp-block-yoast-faq-block\"><div class=\"schema-faq-section\" id=\"faq-question-1788427973002\"><strong class=\"schema-faq-question\">Des sanctions sont-elles pr\u00e9vues en 2026 pour la facturation \u00e9lectronique ?<\/strong> <p class=\"schema-faq-answer\">Non. Le gouvernement a annonc\u00e9 le 1er septembre 2026 qu&rsquo;aucune sanction ne serait appliqu\u00e9e aux entreprises durant le reste de l&rsquo;ann\u00e9e 2026, afin de laisser le temps \u00e0 chacune de se mettre en conformit\u00e9.<\/p> <\/div> <div class=\"schema-faq-section\" id=\"faq-question-1788427819778\"><strong class=\"schema-faq-question\">Quel est le montant de l&rsquo;amende pour une facture non conforme ?<\/strong> <p class=\"schema-faq-answer\">La loi de finances 2026 a fix\u00e9 une amende \u00e0 50 \u20ac par facture \u00e9mise de fa\u00e7on non conforme avec un plafond de 15 000 \u20ac par ann\u00e9e civile et par entreprise. Les entreprises qui n&rsquo;ont pas de Plateforme Agr\u00e9\u00e9e pour la r\u00e9ception de leurs factures risquent une mise en demeure de 3 mois, suivie de 500 \u20ac d&rsquo;amende, puis de 1000 \u20ac d&rsquo;amende apr\u00e8s une nouvelle mise en demeure de 3 mois. <\/p> <\/div> <div class=\"schema-faq-section\" id=\"faq-question-1788427871060\"><strong class=\"schema-faq-question\">Quand les sanctions vont-elles r\u00e9ellement s&rsquo;appliquer ?<\/strong> <p class=\"schema-faq-answer\">Le gouvernement n&rsquo;a pas encore communiqu\u00e9 de date sp\u00e9cifique concernant la fin de la p\u00e9riode tol\u00e9rance. Pour l&rsquo;instant, celle-ci couvre les derniers mois de 2026. <\/p> <\/div> <\/div>\n\n\n<div class=\"kk-star-ratings kksr-auto kksr-align-left kksr-valign-bottom\"\n    data-payload='{&quot;align&quot;:&quot;left&quot;,&quot;id&quot;:&quot;13400&quot;,&quot;slug&quot;:&quot;default&quot;,&quot;valign&quot;:&quot;bottom&quot;,&quot;ignore&quot;:&quot;&quot;,&quot;reference&quot;:&quot;auto&quot;,&quot;class&quot;:&quot;&quot;,&quot;count&quot;:&quot;0&quot;,&quot;legendonly&quot;:&quot;&quot;,&quot;readonly&quot;:&quot;&quot;,&quot;score&quot;:&quot;0&quot;,&quot;starsonly&quot;:&quot;&quot;,&quot;best&quot;:&quot;5&quot;,&quot;gap&quot;:&quot;5&quot;,&quot;greet&quot;:&quot;Notez cet article&quot;,&quot;legend&quot;:&quot;0\\\/5 - (0 vote)&quot;,&quot;size&quot;:&quot;16&quot;,&quot;title&quot;:&quot;Facturation \u00e9lectronique : un gel des sanctions en 2026 ?&quot;,&quot;width&quot;:&quot;0&quot;,&quot;_legend&quot;:&quot;{score}\\\/{best} - ({count} {votes})&quot;,&quot;font_factor&quot;:&quot;1.25&quot;}'>\n            \n<div class=\"kksr-stars\">\n    \n<div class=\"kksr-stars-inactive\">\n            <div class=\"kksr-star\" data-star=\"1\" style=\"padding-right: 5px\">\n            \n\n<div class=\"kksr-icon\" style=\"width: 16px; height: 16px;\"><\/div>\n        <\/div>\n            <div class=\"kksr-star\" data-star=\"2\" style=\"padding-right: 5px\">\n            \n\n<div class=\"kksr-icon\" style=\"width: 16px; height: 16px;\"><\/div>\n        <\/div>\n            <div class=\"kksr-star\" data-star=\"3\" style=\"padding-right: 5px\">\n            \n\n<div class=\"kksr-icon\" style=\"width: 16px; height: 16px;\"><\/div>\n        <\/div>\n            <div class=\"kksr-star\" data-star=\"4\" style=\"padding-right: 5px\">\n            \n\n<div class=\"kksr-icon\" style=\"width: 16px; height: 16px;\"><\/div>\n        <\/div>\n            <div class=\"kksr-star\" data-star=\"5\" style=\"padding-right: 5px\">\n            \n\n<div class=\"kksr-icon\" style=\"width: 16px; height: 16px;\"><\/div>\n        <\/div>\n    <\/div>\n    \n<div class=\"kksr-stars-active\" style=\"width: 0px;\">\n            <div class=\"kksr-star\" style=\"padding-right: 5px\">\n            \n\n<div class=\"kksr-icon\" style=\"width: 16px; height: 16px;\"><\/div>\n        <\/div>\n            <div class=\"kksr-star\" style=\"padding-right: 5px\">\n            \n\n<div class=\"kksr-icon\" style=\"width: 16px; height: 16px;\"><\/div>\n        <\/div>\n            <div class=\"kksr-star\" style=\"padding-right: 5px\">\n            \n\n<div class=\"kksr-icon\" style=\"width: 16px; height: 16px;\"><\/div>\n        <\/div>\n            <div class=\"kksr-star\" style=\"padding-right: 5px\">\n            \n\n<div class=\"kksr-icon\" style=\"width: 16px; height: 16px;\"><\/div>\n        <\/div>\n            <div class=\"kksr-star\" style=\"padding-right: 5px\">\n            \n\n<div class=\"kksr-icon\" style=\"width: 16px; height: 16px;\"><\/div>\n        <\/div>\n    <\/div>\n<\/div>\n                \n\n<div class=\"kksr-legend\" style=\"font-size: 12.8px;\">\n            <span class=\"kksr-muted\">Notez cet article<\/span>\n    <\/div>\n    <\/div>\n","protected":false},"excerpt":{"rendered":"<p>C&rsquo;est officiel : apr\u00e8s plusieurs reports, la r\u00e9forme de la facturation \u00e9lectronique est finalement entr\u00e9e en vigueur ce 1er septembre 2026. Les grandes entreprises doivent d\u00e9sormais \u00e9mettre leurs factures au format \u00e9lectronique, et les ind\u00e9pendants, TPE et PME doivent de leur c\u00f4t\u00e9 \u00eatre en mesure de recevoir des factures \u00e9lectroniques via une Plateforme Agr\u00e9\u00e9e. Si [&hellip;]<\/p>\n","protected":false},"author":6,"featured_media":13404,"comment_status":"closed","ping_status":"closed","sticky":false,"template":"","format":"standard","meta":{"_acf_changed":false,"footnotes":""},"categories":[1,19,32],"tags":[],"class_list":["post-13400","post","type-post","status-publish","format-standard","has-post-thumbnail","hentry","category-actualites","category-devis-facture","category-facturation-electronique"],"acf":{"adam_posts_cta_bloc":{"adam_cb_image":"","adam_cb_titre":"","adam_cb_description":"","adam_cb_cta":""},"hide_the_universal_cta":false},"yoast_head":"<!-- This site is optimized with the Yoast SEO Premium plugin v27.6 (Yoast SEO v28.4) - https:\/\/yoast.com\/product\/yoast-seo-premium-wordpress\/ -->\n<title>Facturation \u00e9lectronique : un gel des sanctions en 2026 ?<\/title>\n<meta name=\"description\" content=\"Suite \u00e0 l&#039;entr\u00e9e en vigueur de la facturation \u00e9lectronique le 1er septembre, quelles sanctions risquent les entreprises non conformes ?\" \/>\n<meta name=\"robots\" content=\"index, follow, max-snippet:-1, max-image-preview:large, max-video-preview:-1\" \/>\n<link rel=\"canonical\" href=\"https:\/\/www.obat.fr\/blog\/sanction-facturation-electronique\/\" \/>\n<meta property=\"og:locale\" content=\"fr_FR\" \/>\n<meta property=\"og:type\" content=\"article\" \/>\n<meta property=\"og:title\" content=\"Facturation \u00e9lectronique : un gel des sanctions en 2026 ?\" \/>\n<meta property=\"og:description\" content=\"Suite \u00e0 l&#039;entr\u00e9e en vigueur de la facturation \u00e9lectronique le 1er septembre, quelles sanctions risquent les entreprises non conformes ?\" \/>\n<meta property=\"og:url\" content=\"https:\/\/www.obat.fr\/blog\/sanction-facturation-electronique\/\" \/>\n<meta property=\"og:site_name\" content=\"Blog Obat\" \/>\n<meta property=\"article:published_time\" content=\"2026-09-04T05:00:00+00:00\" \/>\n<meta property=\"og:image\" content=\"https:\/\/www.obat.fr\/blog\/wp-content\/uploads\/2026\/09\/sanction-facturation-electronique.jpg\" \/>\n\t<meta property=\"og:image:width\" content=\"800\" \/>\n\t<meta property=\"og:image:height\" content=\"400\" \/>\n\t<meta property=\"og:image:type\" content=\"image\/jpeg\" \/>\n<meta name=\"author\" content=\"Laurie Liagre\" \/>\n<meta name=\"twitter:card\" content=\"summary_large_image\" \/>\n<meta name=\"twitter:label1\" content=\"\u00c9crit par\" \/>\n\t<meta name=\"twitter:data1\" content=\"Laurie Liagre\" \/>\n\t<meta name=\"twitter:label2\" content=\"Dur\u00e9e de lecture estim\u00e9e\" \/>\n\t<meta name=\"twitter:data2\" content=\"6 minutes\" \/>\n<script type=\"application\/ld+json\" class=\"yoast-schema-graph\">{\"@context\":\"https:\\\/\\\/schema.org\",\"@graph\":[{\"@type\":\"Article\",\"@id\":\"https:\\\/\\\/www.obat.fr\\\/blog\\\/sanction-facturation-electronique\\\/#article\",\"isPartOf\":{\"@id\":\"https:\\\/\\\/www.obat.fr\\\/blog\\\/sanction-facturation-electronique\\\/\"},\"author\":{\"name\":\"Laurie Liagre\",\"@id\":\"https:\\\/\\\/www.obat.fr\\\/blog\\\/#\\\/schema\\\/person\\\/ca9318cc3f120c3482ef7bbeb870ab5b\"},\"headline\":\"Facturation \u00e9lectronique : un gel des sanctions en 2026 ?\",\"datePublished\":\"2026-09-04T05:00:00+00:00\",\"mainEntityOfPage\":{\"@id\":\"https:\\\/\\\/www.obat.fr\\\/blog\\\/sanction-facturation-electronique\\\/\"},\"wordCount\":1040,\"image\":{\"@id\":\"https:\\\/\\\/www.obat.fr\\\/blog\\\/sanction-facturation-electronique\\\/#primaryimage\"},\"thumbnailUrl\":\"https:\\\/\\\/www.obat.fr\\\/blog\\\/wp-content\\\/uploads\\\/2026\\\/09\\\/sanction-facturation-electronique.jpg\",\"articleSection\":[\"Actualit\u00e9s\",\"Devis &amp; facture\",\"Facturation \u00e9lectronique\"],\"inLanguage\":\"fr-FR\"},{\"@type\":[\"WebPage\",\"FAQPage\"],\"@id\":\"https:\\\/\\\/www.obat.fr\\\/blog\\\/sanction-facturation-electronique\\\/\",\"url\":\"https:\\\/\\\/www.obat.fr\\\/blog\\\/sanction-facturation-electronique\\\/\",\"name\":\"Facturation \u00e9lectronique : un gel des sanctions en 2026 ?\",\"isPartOf\":{\"@id\":\"https:\\\/\\\/www.obat.fr\\\/blog\\\/#website\"},\"primaryImageOfPage\":{\"@id\":\"https:\\\/\\\/www.obat.fr\\\/blog\\\/sanction-facturation-electronique\\\/#primaryimage\"},\"image\":{\"@id\":\"https:\\\/\\\/www.obat.fr\\\/blog\\\/sanction-facturation-electronique\\\/#primaryimage\"},\"thumbnailUrl\":\"https:\\\/\\\/www.obat.fr\\\/blog\\\/wp-content\\\/uploads\\\/2026\\\/09\\\/sanction-facturation-electronique.jpg\",\"datePublished\":\"2026-09-04T05:00:00+00:00\",\"author\":{\"@id\":\"https:\\\/\\\/www.obat.fr\\\/blog\\\/#\\\/schema\\\/person\\\/ca9318cc3f120c3482ef7bbeb870ab5b\"},\"description\":\"Suite \u00e0 l'entr\u00e9e en vigueur de la facturation \u00e9lectronique le 1er septembre, quelles sanctions risquent les entreprises non conformes ?\",\"breadcrumb\":{\"@id\":\"https:\\\/\\\/www.obat.fr\\\/blog\\\/wp-json\\\/wp\\\/v2\\\/posts\\\/13400#breadcrumb\"},\"mainEntity\":[{\"@id\":\"https:\\\/\\\/www.obat.fr\\\/blog\\\/sanction-facturation-electronique\\\/#faq-question-1788427973002\"},{\"@id\":\"https:\\\/\\\/www.obat.fr\\\/blog\\\/sanction-facturation-electronique\\\/#faq-question-1788427819778\"},{\"@id\":\"https:\\\/\\\/www.obat.fr\\\/blog\\\/sanction-facturation-electronique\\\/#faq-question-1788427871060\"}],\"inLanguage\":\"fr-FR\",\"potentialAction\":[{\"@type\":\"ReadAction\",\"target\":[\"https:\\\/\\\/www.obat.fr\\\/blog\\\/sanction-facturation-electronique\\\/\"]}]},{\"@type\":\"ImageObject\",\"inLanguage\":\"fr-FR\",\"@id\":\"https:\\\/\\\/www.obat.fr\\\/blog\\\/sanction-facturation-electronique\\\/#primaryimage\",\"url\":\"https:\\\/\\\/www.obat.fr\\\/blog\\\/wp-content\\\/uploads\\\/2026\\\/09\\\/sanction-facturation-electronique.jpg\",\"contentUrl\":\"https:\\\/\\\/www.obat.fr\\\/blog\\\/wp-content\\\/uploads\\\/2026\\\/09\\\/sanction-facturation-electronique.jpg\",\"width\":800,\"height\":400,\"caption\":\"sanction facturation \u00e9lectronique\"},{\"@type\":\"WebSite\",\"@id\":\"https:\\\/\\\/www.obat.fr\\\/blog\\\/#website\",\"url\":\"https:\\\/\\\/www.obat.fr\\\/blog\\\/\",\"name\":\"Blog Obat\",\"description\":\"Blog Obat\",\"potentialAction\":[{\"@type\":\"SearchAction\",\"target\":{\"@type\":\"EntryPoint\",\"urlTemplate\":\"https:\\\/\\\/www.obat.fr\\\/blog\\\/?s={search_term_string}\"},\"query-input\":{\"@type\":\"PropertyValueSpecification\",\"valueRequired\":true,\"valueName\":\"search_term_string\"}}],\"inLanguage\":\"fr-FR\"},{\"@type\":\"Person\",\"@id\":\"https:\\\/\\\/www.obat.fr\\\/blog\\\/#\\\/schema\\\/person\\\/ca9318cc3f120c3482ef7bbeb870ab5b\",\"name\":\"Laurie Liagre\",\"image\":{\"@type\":\"ImageObject\",\"inLanguage\":\"fr-FR\",\"@id\":\"https:\\\/\\\/secure.gravatar.com\\\/avatar\\\/650b2f731153cbb94f7b640ed4e31c395bcc3da306c4162778890be749a57bb6?s=96&d=mm&r=g\",\"url\":\"https:\\\/\\\/secure.gravatar.com\\\/avatar\\\/650b2f731153cbb94f7b640ed4e31c395bcc3da306c4162778890be749a57bb6?s=96&d=mm&r=g\",\"contentUrl\":\"https:\\\/\\\/secure.gravatar.com\\\/avatar\\\/650b2f731153cbb94f7b640ed4e31c395bcc3da306c4162778890be749a57bb6?s=96&d=mm&r=g\",\"caption\":\"Laurie Liagre\"},\"description\":\"Responsable \u00e9ditoriale et r\u00e9dactrice web chez Obat depuis 2019, j'aide les artisans du b\u00e2timent \u00e0 naviguer dans le monde complexe de la gestion d'entreprise au travers de contenus complets, pertinents et bien document\u00e9es.\",\"sameAs\":[\"https:\\\/\\\/www.linkedin.com\\\/in\\\/laurie-liagre-9b8271b2\\\/\"],\"url\":\"https:\\\/\\\/www.obat.fr\\\/blog\\\/author\\\/laurie\\\/\"},{\"@type\":\"Question\",\"@id\":\"https:\\\/\\\/www.obat.fr\\\/blog\\\/sanction-facturation-electronique\\\/#faq-question-1788427973002\",\"position\":1,\"url\":\"https:\\\/\\\/www.obat.fr\\\/blog\\\/sanction-facturation-electronique\\\/#faq-question-1788427973002\",\"name\":\"Des sanctions sont-elles pr\u00e9vues en 2026 pour la facturation \u00e9lectronique ?\",\"answerCount\":1,\"acceptedAnswer\":{\"@type\":\"Answer\",\"text\":\"Non. Le gouvernement a annonc\u00e9 le 1er septembre 2026 qu'aucune sanction ne serait appliqu\u00e9e aux entreprises durant le reste de l'ann\u00e9e 2026, afin de laisser le temps \u00e0 chacune de se mettre en conformit\u00e9.\",\"inLanguage\":\"fr-FR\"},\"inLanguage\":\"fr-FR\"},{\"@type\":\"Question\",\"@id\":\"https:\\\/\\\/www.obat.fr\\\/blog\\\/sanction-facturation-electronique\\\/#faq-question-1788427819778\",\"position\":2,\"url\":\"https:\\\/\\\/www.obat.fr\\\/blog\\\/sanction-facturation-electronique\\\/#faq-question-1788427819778\",\"name\":\"Quel est le montant de l'amende pour une facture non conforme ?\",\"answerCount\":1,\"acceptedAnswer\":{\"@type\":\"Answer\",\"text\":\"La loi de finances 2026 a fix\u00e9 une amende \u00e0 50 \u20ac par facture \u00e9mise de fa\u00e7on non conforme avec un plafond de 15 000 \u20ac par ann\u00e9e civile et par entreprise. Les entreprises qui n'ont pas de Plateforme Agr\u00e9\u00e9e pour la r\u00e9ception de leurs factures risquent une mise en demeure de 3 mois, suivie de 500 \u20ac d'amende, puis de 1000 \u20ac d'amende apr\u00e8s une nouvelle mise en demeure de 3 mois. \",\"inLanguage\":\"fr-FR\"},\"inLanguage\":\"fr-FR\"},{\"@type\":\"Question\",\"@id\":\"https:\\\/\\\/www.obat.fr\\\/blog\\\/sanction-facturation-electronique\\\/#faq-question-1788427871060\",\"position\":3,\"url\":\"https:\\\/\\\/www.obat.fr\\\/blog\\\/sanction-facturation-electronique\\\/#faq-question-1788427871060\",\"name\":\"Quand les sanctions vont-elles r\u00e9ellement s'appliquer ?\",\"answerCount\":1,\"acceptedAnswer\":{\"@type\":\"Answer\",\"text\":\"Le gouvernement n'a pas encore communiqu\u00e9 de date sp\u00e9cifique concernant la fin de la p\u00e9riode tol\u00e9rance. Pour l'instant, celle-ci couvre les derniers mois de 2026. \",\"inLanguage\":\"fr-FR\"},\"inLanguage\":\"fr-FR\"},{\"@type\":\"BreadcrumbList\",\"@id\":\"https:\\\/\\\/www.obat.fr\\\/blog\\\/wp-json\\\/wp\\\/v2\\\/posts\\\/13400#breadcrumb\",\"itemListElement\":[{\"@type\":\"ListItem\",\"position\":1,\"name\":\"Accueil\",\"item\":\"https:\\\/\\\/www.obat.fr\\\/blog\\\/\"},{\"@type\":\"ListItem\",\"position\":2,\"name\":\"Blog\",\"item\":\"https:\\\/\\\/www.obat.fr\\\/blog\\\/blog\\\/\"},{\"@type\":\"ListItem\",\"position\":3,\"name\":\"Wp Json\",\"item\":\"https:\\\/\\\/www.obat.fr\\\/blog\\\/blog\\\/wp-json\\\/\"},{\"@type\":\"ListItem\",\"position\":4,\"name\":\"Wp\",\"item\":\"https:\\\/\\\/www.obat.fr\\\/blog\\\/blog\\\/wp-json\\\/wp\\\/\"},{\"@type\":\"ListItem\",\"position\":5,\"name\":\"V2\",\"item\":\"https:\\\/\\\/www.obat.fr\\\/blog\\\/blog\\\/wp-json\\\/wp\\\/v2\\\/\"},{\"@type\":\"ListItem\",\"position\":6,\"name\":\"Posts\",\"item\":\"https:\\\/\\\/www.obat.fr\\\/blog\\\/blog\\\/wp-json\\\/wp\\\/v2\\\/posts\\\/\"},{\"@type\":\"ListItem\",\"position\":7,\"name\":\"13400\",\"item\":\"https:\\\/\\\/www.obat.fr\\\/blog\\\/blog\\\/wp-json\\\/wp\\\/v2\\\/posts\\\/13400\\\/\"}]}]}<\/script>\n<!-- \/ Yoast SEO Premium plugin. -->","yoast_head_json":{"title":"Facturation \u00e9lectronique : un gel des sanctions en 2026 ?","description":"Suite \u00e0 l'entr\u00e9e en vigueur de la facturation \u00e9lectronique le 1er septembre, quelles sanctions risquent les entreprises non conformes ?","robots":{"index":"index","follow":"follow","max-snippet":"max-snippet:-1","max-image-preview":"max-image-preview:large","max-video-preview":"max-video-preview:-1"},"canonical":"https:\/\/www.obat.fr\/blog\/sanction-facturation-electronique\/","og_locale":"fr_FR","og_type":"article","og_title":"Facturation \u00e9lectronique : un gel des sanctions en 2026 ?","og_description":"Suite \u00e0 l'entr\u00e9e en vigueur de la facturation \u00e9lectronique le 1er septembre, quelles sanctions risquent les entreprises non conformes ?","og_url":"https:\/\/www.obat.fr\/blog\/sanction-facturation-electronique\/","og_site_name":"Blog Obat","article_published_time":"2026-09-04T05:00:00+00:00","og_image":[{"width":800,"height":400,"url":"https:\/\/www.obat.fr\/blog\/wp-content\/uploads\/2026\/09\/sanction-facturation-electronique.jpg","type":"image\/jpeg"}],"author":"Laurie Liagre","twitter_card":"summary_large_image","twitter_misc":{"\u00c9crit par":"Laurie Liagre","Dur\u00e9e de lecture estim\u00e9e":"6 minutes"},"schema":{"@context":"https:\/\/schema.org","@graph":[{"@type":"Article","@id":"https:\/\/www.obat.fr\/blog\/sanction-facturation-electronique\/#article","isPartOf":{"@id":"https:\/\/www.obat.fr\/blog\/sanction-facturation-electronique\/"},"author":{"name":"Laurie Liagre","@id":"https:\/\/www.obat.fr\/blog\/#\/schema\/person\/ca9318cc3f120c3482ef7bbeb870ab5b"},"headline":"Facturation \u00e9lectronique : un gel des sanctions en 2026 ?","datePublished":"2026-09-04T05:00:00+00:00","mainEntityOfPage":{"@id":"https:\/\/www.obat.fr\/blog\/sanction-facturation-electronique\/"},"wordCount":1040,"image":{"@id":"https:\/\/www.obat.fr\/blog\/sanction-facturation-electronique\/#primaryimage"},"thumbnailUrl":"https:\/\/www.obat.fr\/blog\/wp-content\/uploads\/2026\/09\/sanction-facturation-electronique.jpg","articleSection":["Actualit\u00e9s","Devis &amp; facture","Facturation \u00e9lectronique"],"inLanguage":"fr-FR"},{"@type":["WebPage","FAQPage"],"@id":"https:\/\/www.obat.fr\/blog\/sanction-facturation-electronique\/","url":"https:\/\/www.obat.fr\/blog\/sanction-facturation-electronique\/","name":"Facturation \u00e9lectronique : un gel des sanctions en 2026 ?","isPartOf":{"@id":"https:\/\/www.obat.fr\/blog\/#website"},"primaryImageOfPage":{"@id":"https:\/\/www.obat.fr\/blog\/sanction-facturation-electronique\/#primaryimage"},"image":{"@id":"https:\/\/www.obat.fr\/blog\/sanction-facturation-electronique\/#primaryimage"},"thumbnailUrl":"https:\/\/www.obat.fr\/blog\/wp-content\/uploads\/2026\/09\/sanction-facturation-electronique.jpg","datePublished":"2026-09-04T05:00:00+00:00","author":{"@id":"https:\/\/www.obat.fr\/blog\/#\/schema\/person\/ca9318cc3f120c3482ef7bbeb870ab5b"},"description":"Suite \u00e0 l'entr\u00e9e en vigueur de la facturation \u00e9lectronique le 1er septembre, quelles sanctions risquent les entreprises non conformes ?","breadcrumb":{"@id":"https:\/\/www.obat.fr\/blog\/wp-json\/wp\/v2\/posts\/13400#breadcrumb"},"mainEntity":[{"@id":"https:\/\/www.obat.fr\/blog\/sanction-facturation-electronique\/#faq-question-1788427973002"},{"@id":"https:\/\/www.obat.fr\/blog\/sanction-facturation-electronique\/#faq-question-1788427819778"},{"@id":"https:\/\/www.obat.fr\/blog\/sanction-facturation-electronique\/#faq-question-1788427871060"}],"inLanguage":"fr-FR","potentialAction":[{"@type":"ReadAction","target":["https:\/\/www.obat.fr\/blog\/sanction-facturation-electronique\/"]}]},{"@type":"ImageObject","inLanguage":"fr-FR","@id":"https:\/\/www.obat.fr\/blog\/sanction-facturation-electronique\/#primaryimage","url":"https:\/\/www.obat.fr\/blog\/wp-content\/uploads\/2026\/09\/sanction-facturation-electronique.jpg","contentUrl":"https:\/\/www.obat.fr\/blog\/wp-content\/uploads\/2026\/09\/sanction-facturation-electronique.jpg","width":800,"height":400,"caption":"sanction facturation \u00e9lectronique"},{"@type":"WebSite","@id":"https:\/\/www.obat.fr\/blog\/#website","url":"https:\/\/www.obat.fr\/blog\/","name":"Blog Obat","description":"Blog Obat","potentialAction":[{"@type":"SearchAction","target":{"@type":"EntryPoint","urlTemplate":"https:\/\/www.obat.fr\/blog\/?s={search_term_string}"},"query-input":{"@type":"PropertyValueSpecification","valueRequired":true,"valueName":"search_term_string"}}],"inLanguage":"fr-FR"},{"@type":"Person","@id":"https:\/\/www.obat.fr\/blog\/#\/schema\/person\/ca9318cc3f120c3482ef7bbeb870ab5b","name":"Laurie Liagre","image":{"@type":"ImageObject","inLanguage":"fr-FR","@id":"https:\/\/secure.gravatar.com\/avatar\/650b2f731153cbb94f7b640ed4e31c395bcc3da306c4162778890be749a57bb6?s=96&d=mm&r=g","url":"https:\/\/secure.gravatar.com\/avatar\/650b2f731153cbb94f7b640ed4e31c395bcc3da306c4162778890be749a57bb6?s=96&d=mm&r=g","contentUrl":"https:\/\/secure.gravatar.com\/avatar\/650b2f731153cbb94f7b640ed4e31c395bcc3da306c4162778890be749a57bb6?s=96&d=mm&r=g","caption":"Laurie Liagre"},"description":"Responsable \u00e9ditoriale et r\u00e9dactrice web chez Obat depuis 2019, j'aide les artisans du b\u00e2timent \u00e0 naviguer dans le monde complexe de la gestion d'entreprise au travers de contenus complets, pertinents et bien document\u00e9es.","sameAs":["https:\/\/www.linkedin.com\/in\/laurie-liagre-9b8271b2\/"],"url":"https:\/\/www.obat.fr\/blog\/author\/laurie\/"},{"@type":"Question","@id":"https:\/\/www.obat.fr\/blog\/sanction-facturation-electronique\/#faq-question-1788427973002","position":1,"url":"https:\/\/www.obat.fr\/blog\/sanction-facturation-electronique\/#faq-question-1788427973002","name":"Des sanctions sont-elles pr\u00e9vues en 2026 pour la facturation \u00e9lectronique ?","answerCount":1,"acceptedAnswer":{"@type":"Answer","text":"Non. Le gouvernement a annonc\u00e9 le 1er septembre 2026 qu'aucune sanction ne serait appliqu\u00e9e aux entreprises durant le reste de l'ann\u00e9e 2026, afin de laisser le temps \u00e0 chacune de se mettre en conformit\u00e9.","inLanguage":"fr-FR"},"inLanguage":"fr-FR"},{"@type":"Question","@id":"https:\/\/www.obat.fr\/blog\/sanction-facturation-electronique\/#faq-question-1788427819778","position":2,"url":"https:\/\/www.obat.fr\/blog\/sanction-facturation-electronique\/#faq-question-1788427819778","name":"Quel est le montant de l'amende pour une facture non conforme ?","answerCount":1,"acceptedAnswer":{"@type":"Answer","text":"La loi de finances 2026 a fix\u00e9 une amende \u00e0 50 \u20ac par facture \u00e9mise de fa\u00e7on non conforme avec un plafond de 15 000 \u20ac par ann\u00e9e civile et par entreprise. Les entreprises qui n'ont pas de Plateforme Agr\u00e9\u00e9e pour la r\u00e9ception de leurs factures risquent une mise en demeure de 3 mois, suivie de 500 \u20ac d'amende, puis de 1000 \u20ac d'amende apr\u00e8s une nouvelle mise en demeure de 3 mois. ","inLanguage":"fr-FR"},"inLanguage":"fr-FR"},{"@type":"Question","@id":"https:\/\/www.obat.fr\/blog\/sanction-facturation-electronique\/#faq-question-1788427871060","position":3,"url":"https:\/\/www.obat.fr\/blog\/sanction-facturation-electronique\/#faq-question-1788427871060","name":"Quand les sanctions vont-elles r\u00e9ellement s'appliquer ?","answerCount":1,"acceptedAnswer":{"@type":"Answer","text":"Le gouvernement n'a pas encore communiqu\u00e9 de date sp\u00e9cifique concernant la fin de la p\u00e9riode tol\u00e9rance. Pour l'instant, celle-ci couvre les derniers mois de 2026. ","inLanguage":"fr-FR"},"inLanguage":"fr-FR"},{"@type":"BreadcrumbList","@id":"https:\/\/www.obat.fr\/blog\/wp-json\/wp\/v2\/posts\/13400#breadcrumb","itemListElement":[{"@type":"ListItem","position":1,"name":"Accueil","item":"https:\/\/www.obat.fr\/blog\/"},{"@type":"ListItem","position":2,"name":"Blog","item":"https:\/\/www.obat.fr\/blog\/blog\/"},{"@type":"ListItem","position":3,"name":"Wp Json","item":"https:\/\/www.obat.fr\/blog\/blog\/wp-json\/"},{"@type":"ListItem","position":4,"name":"Wp","item":"https:\/\/www.obat.fr\/blog\/blog\/wp-json\/wp\/"},{"@type":"ListItem","position":5,"name":"V2","item":"https:\/\/www.obat.fr\/blog\/blog\/wp-json\/wp\/v2\/"},{"@type":"ListItem","position":6,"name":"Posts","item":"https:\/\/www.obat.fr\/blog\/blog\/wp-json\/wp\/v2\/posts\/"},{"@type":"ListItem","position":7,"name":"13400","item":"https:\/\/www.obat.fr\/blog\/blog\/wp-json\/wp\/v2\/posts\/13400\/"}]}]}},"_links":{"self":[{"href":"https:\/\/www.obat.fr\/blog\/wp-json\/wp\/v2\/posts\/13400","targetHints":{"allow":["GET"]}}],"collection":[{"href":"https:\/\/www.obat.fr\/blog\/wp-json\/wp\/v2\/posts"}],"about":[{"href":"https:\/\/www.obat.fr\/blog\/wp-json\/wp\/v2\/types\/post"}],"author":[{"embeddable":true,"href":"https:\/\/www.obat.fr\/blog\/wp-json\/wp\/v2\/users\/6"}],"replies":[{"embeddable":true,"href":"https:\/\/www.obat.fr\/blog\/wp-json\/wp\/v2\/comments?post=13400"}],"version-history":[{"count":9,"href":"https:\/\/www.obat.fr\/blog\/wp-json\/wp\/v2\/posts\/13400\/revisions"}],"predecessor-version":[{"id":13412,"href":"https:\/\/www.obat.fr\/blog\/wp-json\/wp\/v2\/posts\/13400\/revisions\/13412"}],"wp:featuredmedia":[{"embeddable":true,"href":"https:\/\/www.obat.fr\/blog\/wp-json\/wp\/v2\/media\/13404"}],"wp:attachment":[{"href":"https:\/\/www.obat.fr\/blog\/wp-json\/wp\/v2\/media?parent=13400"}],"wp:term":[{"taxonomy":"category","embeddable":true,"href":"https:\/\/www.obat.fr\/blog\/wp-json\/wp\/v2\/categories?post=13400"},{"taxonomy":"post_tag","embeddable":true,"href":"https:\/\/www.obat.fr\/blog\/wp-json\/wp\/v2\/tags?post=13400"}],"curies":[{"name":"wp","href":"https:\/\/api.w.org\/{rel}","templated":true}]}}